{"id":174886,"date":"2023-10-31T10:07:59","date_gmt":"2023-10-31T09:07:59","guid":{"rendered":"https:\/\/www.messinaoggi.it\/website\/2023\/10\/31\/mattarella-istituzioni-diffondano-la-cultura-della-convivenza\/"},"modified":"2023-10-31T10:07:59","modified_gmt":"2023-10-31T09:07:59","slug":"mattarella-istituzioni-diffondano-la-cultura-della-convivenza","status":"publish","type":"post","link":"https:\/\/www.messinaoggi.it\/website\/2023\/10\/31\/mattarella-istituzioni-diffondano-la-cultura-della-convivenza\/","title":{"rendered":"Mattarella \u201cIstituzioni diffondano la cultura della convivenza\u201d"},"content":{"rendered":"<div>ROMA (ITALPRESS) &#8211; &#8220;Consapevolezza, coinvolgimento e partecipazione delle giovani generazioni: queste le finalit\u00e0 che la legge assegna alla Giornata nazionale &#8220;Giovani e Memoria&#8221;, istituita in ideale collegamento con l&#8217;anniversario celebrato il 27 gennaio di ogni anno, data della liberazione del campo di concentramento di Auschwitz&#8221;. Questo il messaggio inviato dal Presidente della Repubblica, Sergio Mattarella, al Ministro per lo Sport e i Giovani in occasione dalla Giornata nazionale &#8220;Giovani e Memoria&#8221;. &#8220;Nel 75\u00b0 anniversario della Costituzione significa riflettere sui valori che ispirano la vita della nostra comunit\u00e0 dopo la riconquista della libert\u00e0 e la scelta di dar vita alla Repubblica &#8211; aggiunge Mattarella -. Istituzioni, societ\u00e0 civile e cittadini condividono la responsabilit\u00e0 di diffondere una cultura civica della convivenza che sappia valorizzare i principi definiti nella Prima parte della nostra Carta fondamentale che affermano la dignit\u00e0 e l&#8217;eguaglianza di ogni persona di fronte alla legge&#8221;. &#8220;La Costituzione \u00e8 la cornice entro cui si sviluppa la vita del Paese, nel succedersi delle esperienze delle generazioni a confronto con i cambiamenti culturali, economici e politici &#8211; dice ancora il Capo dello Stato -. Essenziali, a questo scopo, la sollecitazione e il sostegno  all&#8217;impegno di chi, come i giovani, deve essere messo nelle condizioni di costruire il proprio futuro, partecipando alle diverse attivit\u00e0 che il pluralismo associativo pone a disposizione per crescere da cittadini consapevoli dei diritti e dei doveri derivanti dall&#8217;appartenenza alla Repubblica&#8221;. &#8220;A tutti i partecipanti, mi \u00e8 grato rivolgere un saluto augurale di buona Giornata&#8221; conclude Mattarella.(ITALPRESS).<div id=\"div-gpt-ad-Messinaoggi.it-DSK-300x250-corpoart\" style=\"text-align:center;margin:0 auto;\"><\/div><\/p>\n<p>Foto: Agenzia Fotogramma<div id=\"videoincontent\" style=\"clear:both\";><\/div><\/p><\/div>\n","protected":false},"excerpt":{"rendered":"<p>ROMA (ITALPRESS) &#8211; &#8220;Consapevolezza, coinvolgimento e partecipazione delle giovani generazioni: queste le finalit\u00e0 che la legge assegna alla Giornata nazionale &#8220;Giovani e Memoria&#8221;, istituita in ideale collegamento con l&#8217;anniversario celebrato il 27 gennaio di ogni anno, data della liberazione del campo di concentramento di Auschwitz&#8221;. Questo il messaggio inviato dal Presidente della Repubblica, Sergio Mattarella, [&hellip;]<\/p>\n","protected":false},"author":18,"featured_media":174887,"comment_status":"closed","ping_status":"closed","sticky":false,"template":"","format":"standard","meta":{"ub_ctt_via":"","_mi_skip_tracking":false},"categories":[446],"tags":[783],"featured_image_src":"https:\/\/www.messinaoggi.it\/website\/wp-content\/uploads\/2023\/10\/20231031_0102.jpg","author_info":{"display_name":"Admin","author_link":"https:\/\/www.messinaoggi.it\/website\/author\/admin\/"},"digistream_id":0,"digistream":false,"_links":{"self":[{"href":"https:\/\/www.messinaoggi.it\/website\/wp-json\/wp\/v2\/posts\/174886"}],"collection":[{"href":"https:\/\/www.messinaoggi.it\/website\/wp-json\/wp\/v2\/posts"}],"about":[{"href":"https:\/\/www.messinaoggi.it\/website\/wp-json\/wp\/v2\/types\/post"}],"author":[{"embeddable":true,"href":"https:\/\/www.messinaoggi.it\/website\/wp-json\/wp\/v2\/users\/18"}],"replies":[{"embeddable":true,"href":"https:\/\/www.messinaoggi.it\/website\/wp-json\/wp\/v2\/comments?post=174886"}],"version-history":[{"count":0,"href":"https:\/\/www.messinaoggi.it\/website\/wp-json\/wp\/v2\/posts\/174886\/revisions"}],"wp:featuredmedia":[{"embeddable":true,"href":"https:\/\/www.messinaoggi.it\/website\/wp-json\/wp\/v2\/media\/174887"}],"wp:attachment":[{"href":"https:\/\/www.messinaoggi.it\/website\/wp-json\/wp\/v2\/media?parent=174886"}],"wp:term":[{"taxonomy":"category","embeddable":true,"href":"https:\/\/www.messinaoggi.it\/website\/wp-json\/wp\/v2\/categories?post=174886"},{"taxonomy":"post_tag","embeddable":true,"href":"https:\/\/www.messinaoggi.it\/website\/wp-json\/wp\/v2\/tags?post=174886"}],"curies":[{"name":"wp","href":"https:\/\/api.w.org\/{rel}","templated":true}]}}