{"id":174878,"date":"2023-10-31T09:08:07","date_gmt":"2023-10-31T08:08:07","guid":{"rendered":"https:\/\/www.messinaoggi.it\/website\/2023\/10\/31\/manovra-salvini-soddisfatto-avrei-voluto-pace-fiscale-piu-incisiva\/"},"modified":"2023-10-31T09:08:07","modified_gmt":"2023-10-31T08:08:07","slug":"manovra-salvini-soddisfatto-avrei-voluto-pace-fiscale-piu-incisiva","status":"publish","type":"post","link":"https:\/\/www.messinaoggi.it\/website\/2023\/10\/31\/manovra-salvini-soddisfatto-avrei-voluto-pace-fiscale-piu-incisiva\/","title":{"rendered":"Manovra, Salvini \u201cSoddisfatto, avrei voluto pace fiscale pi\u00f9 incisiva\u201d"},"content":{"rendered":"<div>ROMA (ITALPRESS) &#8211; &#8220;Soddisfatto per l&#8217;aumento di stipendi e pensioni e per il record di fondi per la sanit\u00e0. Abbiamo smentito i veleni di chi non credeva alle risorse per il Ponte sullo Stretto e su Quota 103 abbiamo trovato una buona mediazione. La situazione economica non \u00e8 rosea ma entro la legislatura confidiamo di raggiungere tutti gli obiettivi. Rammarico? Avrei voluto una pace fiscale ancora pi\u00f9 incisiva e la pace edilizia per azzerare milioni di problemi arretrati per piccole irregolarit\u00e0&#8221;. Lo ha detto il vicepremier e ministro delle Infrastrutture e dei Trasporti, Matteo Salvini, intervistato dal Corriere della Sera. &#8220;L&#8217;attenzione ai conti non deve diventare la scusa per rovinare migliaia di famiglie. Quota 103 permette di andare in pensione a pi\u00f9 di 50 mila persone, \u00e8 un passo in avanti rispetto alle ipotesi di Quota 104 e soprattutto della legge Fornero che oltre ad allungare i tempi per lasciare il lavoro aveva prodotto perfino il dramma degli esodati. Eppure la sinistra aveva votato la Fornero e i sindacati, Cgil in testa, non avevano scioperato: con che coraggio contestano Quota 103? Il nostro obiettivo di legislatura resta Quota 41. Aggiungo che per la prima volta, milioni di partite Iva non dovranno pi\u00f9 pagare a novembre l&#8217;acconto sui guadagni dell&#8217;anno successivo\u00bb.<br \/>&#8220;La partita pi\u00f9 complicata? Il Ponte sullo Stretto. Abbiamo smentito i veleni di chi non credeva alle risorse per il Ponte sullo Stretto, che porter\u00e0 30 mila posti di lavoro<br \/>L&#8217;abbassamento del canone Rai? E&#8217; una grande azienda culturale, importante per il Paese, ma anche l\u00ec si possono tagliare i costi eccessivi, compresi certi stipendi rilevanti, valorizzando alcune realt\u00e0 sul mercato. Un risparmio anche di solo 20 euro sulla bolletta per molti italiani \u00e8 un segnale importante\u00bb.<br \/>Il 17 novembre Moody&#8217;s dar\u00e0 il suo giudizio sul debito italiano:<br \/>&#8220;Sono fiducioso che il governo sappia conquistare giudizi rassicuranti, anche grazie alla credibilit\u00e0 della Lega. Mi piace ricordare, per\u00f2, anche un altro giudizio molto rilevante: quello degli italiani. Il centrodestra ha stravinto tutte le Regionali&#8221;.<div id=\"div-gpt-ad-Messinaoggi.it-DSK-300x250-corpoart\" style=\"text-align:center;margin:0 auto;\"><\/div><\/p>\n<p>&#8211; foto: Agenzia Fotogramma &#8211; <div id=\"videoincontent\" style=\"clear:both\";><\/div><\/p>\n<p>(ITALPRESS).<\/p><\/div>\n","protected":false},"excerpt":{"rendered":"<p>ROMA (ITALPRESS) &#8211; &#8220;Soddisfatto per l&#8217;aumento di stipendi e pensioni e per il record di fondi per la sanit\u00e0. Abbiamo smentito i veleni di chi non credeva alle risorse per il Ponte sullo Stretto e su Quota 103 abbiamo trovato una buona mediazione. La situazione economica non \u00e8 rosea ma entro la legislatura confidiamo di [&hellip;]<\/p>\n","protected":false},"author":18,"featured_media":174879,"comment_status":"closed","ping_status":"closed","sticky":false,"template":"","format":"standard","meta":{"ub_ctt_via":"","_mi_skip_tracking":false},"categories":[446],"tags":[783],"featured_image_src":"https:\/\/www.messinaoggi.it\/website\/wp-content\/uploads\/2023\/10\/20231031_0086.jpg","author_info":{"display_name":"Admin","author_link":"https:\/\/www.messinaoggi.it\/website\/author\/admin\/"},"digistream_id":0,"digistream":false,"_links":{"self":[{"href":"https:\/\/www.messinaoggi.it\/website\/wp-json\/wp\/v2\/posts\/174878"}],"collection":[{"href":"https:\/\/www.messinaoggi.it\/website\/wp-json\/wp\/v2\/posts"}],"about":[{"href":"https:\/\/www.messinaoggi.it\/website\/wp-json\/wp\/v2\/types\/post"}],"author":[{"embeddable":true,"href":"https:\/\/www.messinaoggi.it\/website\/wp-json\/wp\/v2\/users\/18"}],"replies":[{"embeddable":true,"href":"https:\/\/www.messinaoggi.it\/website\/wp-json\/wp\/v2\/comments?post=174878"}],"version-history":[{"count":0,"href":"https:\/\/www.messinaoggi.it\/website\/wp-json\/wp\/v2\/posts\/174878\/revisions"}],"wp:featuredmedia":[{"embeddable":true,"href":"https:\/\/www.messinaoggi.it\/website\/wp-json\/wp\/v2\/media\/174879"}],"wp:attachment":[{"href":"https:\/\/www.messinaoggi.it\/website\/wp-json\/wp\/v2\/media?parent=174878"}],"wp:term":[{"taxonomy":"category","embeddable":true,"href":"https:\/\/www.messinaoggi.it\/website\/wp-json\/wp\/v2\/categories?post=174878"},{"taxonomy":"post_tag","embeddable":true,"href":"https:\/\/www.messinaoggi.it\/website\/wp-json\/wp\/v2\/tags?post=174878"}],"curies":[{"name":"wp","href":"https:\/\/api.w.org\/{rel}","templated":true}]}}