{"id":174867,"date":"2023-10-31T08:51:24","date_gmt":"2023-10-31T07:51:24","guid":{"rendered":"http:\/\/www.messinaoggi.it\/website\/?p=174867"},"modified":"2023-10-31T09:30:04","modified_gmt":"2023-10-31T08:30:04","slug":"elezioni-rettore-gli-studenti-reclamano-un-peso-maggiore-del-loro-voto","status":"publish","type":"post","link":"https:\/\/www.messinaoggi.it\/website\/2023\/10\/31\/elezioni-rettore-gli-studenti-reclamano-un-peso-maggiore-del-loro-voto\/","title":{"rendered":"Elezioni rettore, gli studenti reclamano un peso maggiore del loro voto"},"content":{"rendered":"\n<p>Gli studenti scendono in piazza per chiedere a gran voce che al loro voto venga attribuito il giusto peso in vista delle prossime elezioni del rettore. Ieri si \u00e8 tenuto un sit-in di protesta davanti al Rettorato dell&#8217;Universit\u00e0 di Messina, durante il quale diversi rappresentanti delle associazioni studentesche e studenti in generale hanno sollecitato un allineamento tra Regolamento per l&#8217;elezione del rettore e Statuto d&#8217;Ateneo in occasione delle prossime elezioni del rettore dell&#8217;Universit\u00e0 di Messina, il cui primo turno si terr\u00e0 il prossimo 23 novembre. La richiesta era stata infatti avanzata nei giorni scorsi in Senato accademico, salvo poi non essere approvata per il mancato raggiungimento del quorum per un solo voto.<div id=\"div-gpt-ad-Messinaoggi.it-DSK-300x250-corpoart\" style=\"text-align:center;margin:0 auto;\"><\/div><\/p>\n\n\n\n<p><strong>La questione del peso del voto degli studenti.<\/strong> In breve, da settimane i rappresentanti degli studenti al Senato accademico lamentano un disallineamento tra Regolamento per l&#8217;elezione del rettore e Statuto d&#8217;Ateneo. Infatti, diversamente da quanto avviene normalmente per le elezioni dei direttori di Dipartimento, il Regolamento per l&#8217;elezione del rettore non d\u00e0 pieno peso al voto degli studenti cos\u00ec come previsto dallo Statuto. Questo perch\u00e9 l&#8217;attuale Regolamento prevede che alla compagine studentesca spettino poco pi\u00f9 di 60 voti, posto che tutti gli oltre 20 mila studenti dell&#8217;Universit\u00e0 di Messina si rechino effettivamente alle urne. <div id=\"videoincontent\" style=\"clear:both\";><\/div><\/p>\n\n\n\n<p>Il risultato di un tale meccanismo \u00e8 una forte distorsione del peso elettorale attribuito agli studenti, che di fatto \u00e8 stato quasi azzerato in occasione delle ultime elezioni del rettore, che nel 2018 hanno visto trionfare il professor Salvatore Cuzzocrea, recentemente dimessosi per il caso rimborsi. In quell&#8217;occasione votarono poco pi\u00f9 di mille studenti, riducendo cos\u00ec il loro peso elettorale ad appena tre voti. Al riguardo, un eventuale allineamento del Regolamento per l&#8217;elezione del rettore allo Statuto d&#8217;Ateneo prevederebbe che agli studenti vengano attribuiti gli oltre sessanta voti che gli spettano, indipendentemente dal numero di studenti che si recher\u00e0 poi alle urne.<\/p>\n\n\n\n<p><strong>La posizione dei candidati a rettore.<\/strong> Stando a quanto emerso in occasione di una recente puntata di Scirocco diretta da Emilio Pintaldi, tutti gli attuali candidati a rettore dell&#8217;Universit\u00e0 di Messina per il prossimo sessennio, i professori Michele Limosani, Giovanni Moschella e Giovanna Spatari, sono in linea di principio d&#8217;accordo con l&#8217;allineamento tra Regolamento e Statuto, seppur con delle differenze sostanziali. Mentre i professori Spatari e, soprattutto, Moschella ritengono che questa questione vada affrontata dopo le elezioni del 23 novembre, perch\u00e9 a detta loro non ci sarebbero i presupposti tecnici e politici per realizzare una tale modifica prima di quella data, il professor Michele Limosani nelle ultime settimane si \u00e8 fortemente battuto per chiedere una correzione delle attuali regole della competizione elettorale prima del 23 novembre. Per il professor Limosani, infatti, si potrebbe realizzare tecnicamente un pieno allineamento tra Regolamento e Statuto entro il primo turno elettorale, servirebbe soltanto la volont\u00e0 politica. <\/p>\n\n\n\n<p><strong>Anche la politica con gli studenti.<\/strong> Su questo tema sono intervenuti anche esponenti della politica siciliana, dalla sinistra alla destra. Il deputato regionale del PD <strong>Calogero Leanza<\/strong>, ad esempio, aveva dichiarato che: &#8220;La richiesta di modificare il regolamento per conferire maggiore peso al voto degli studenti \u00e8 legittima e merita una riflessione approfondita da parte delle istituzioni accademiche. \u00c8 fondamentale garantire un equo coinvolgimento di tutte le parti interessate nel processo di elezione del nuovo rettore. Il recente rifiuto da parte del Senato accademico di accogliere la richiesta degli studenti sottolinea l\u2019importanza di un dialogo aperto e costruttivo tra le varie componenti della comunit\u00e0 universitaria. Gli studenti hanno il diritto di esprimere le proprie preoccupazioni e il desiderio di essere ascoltati&#8221;. <\/p>\n\n\n\n<p>Analogamente, la senatrice in quota Fratelli d&#8217;Italia nonch\u00e9 membro della commissione Cultura e istruzione del Senato <strong>Ella Bucalo<\/strong> ha affermato: &#8220;Condivido la protesta delle associazioni universitarie che hanno tenuto un sit-in in piazza Pugliatti per chiedere una maggiore rappresentativit\u00e0 nell\u2019ambito dell\u2019elezione del rettore dell\u2019Universit\u00e0 degli studi di Messina, prevista per il prossimo 23 di novembre. L\u2019Universit\u00e0 si regge sul sacrificio degli studenti ed \u00e8 a loro che l\u2019amministrazione universitaria deve dare risposte. Non attribuire loro il giusto peso nella competizione elettorale per la corsa all\u2019ermellino \u00e8 un errore gravissimo. Faccio appello a tutti i candidati perch\u00e9 venga ristabilito il principio democratico all\u2019interno dell\u2019Ateneo messinese, dando la giusta rappresentativit\u00e0 a chi, per altro, da anni si batte per ottenerla&#8221;.<\/p>\n","protected":false},"excerpt":{"rendered":"<p>Gli studenti scendono in piazza per chiedere a gran voce che al loro voto venga attribuito il giusto peso in vista delle prossime elezioni del rettore. Ieri si \u00e8 tenuto un sit-in di protesta davanti al Rettorato dell&#8217;Universit\u00e0 di Messina, durante il quale diversi rappresentanti delle associazioni studentesche e studenti in generale hanno sollecitato un [&hellip;]<\/p>\n","protected":false},"author":8,"featured_media":10360,"comment_status":"open","ping_status":"open","sticky":false,"template":"","format":"standard","meta":{"ub_ctt_via":"","_mi_skip_tracking":false},"categories":[19],"tags":[8625,8626,8894,5552,814],"featured_image_src":"https:\/\/www.messinaoggi.it\/website\/wp-content\/uploads\/2017\/10\/universita-di-messinaRRP_1724.jpg","author_info":{"display_name":"red..me","author_link":"https:\/\/www.messinaoggi.it\/website\/author\/redstage\/"},"digistream_id":0,"digistream":false,"_links":{"self":[{"href":"https:\/\/www.messinaoggi.it\/website\/wp-json\/wp\/v2\/posts\/174867"}],"collection":[{"href":"https:\/\/www.messinaoggi.it\/website\/wp-json\/wp\/v2\/posts"}],"about":[{"href":"https:\/\/www.messinaoggi.it\/website\/wp-json\/wp\/v2\/types\/post"}],"author":[{"embeddable":true,"href":"https:\/\/www.messinaoggi.it\/website\/wp-json\/wp\/v2\/users\/8"}],"replies":[{"embeddable":true,"href":"https:\/\/www.messinaoggi.it\/website\/wp-json\/wp\/v2\/comments?post=174867"}],"version-history":[{"count":6,"href":"https:\/\/www.messinaoggi.it\/website\/wp-json\/wp\/v2\/posts\/174867\/revisions"}],"predecessor-version":[{"id":174883,"href":"https:\/\/www.messinaoggi.it\/website\/wp-json\/wp\/v2\/posts\/174867\/revisions\/174883"}],"wp:featuredmedia":[{"embeddable":true,"href":"https:\/\/www.messinaoggi.it\/website\/wp-json\/wp\/v2\/media\/10360"}],"wp:attachment":[{"href":"https:\/\/www.messinaoggi.it\/website\/wp-json\/wp\/v2\/media?parent=174867"}],"wp:term":[{"taxonomy":"category","embeddable":true,"href":"https:\/\/www.messinaoggi.it\/website\/wp-json\/wp\/v2\/categories?post=174867"},{"taxonomy":"post_tag","embeddable":true,"href":"https:\/\/www.messinaoggi.it\/website\/wp-json\/wp\/v2\/tags?post=174867"}],"curies":[{"name":"wp","href":"https:\/\/api.w.org\/{rel}","templated":true}]}}