{"id":174860,"date":"2023-10-30T23:07:59","date_gmt":"2023-10-30T22:07:59","guid":{"rendered":"https:\/\/www.messinaoggi.it\/website\/2023\/10\/30\/manovra-urso-sindacati-avrebbero-dovuto-apprezzarla\/"},"modified":"2023-10-30T23:07:59","modified_gmt":"2023-10-30T22:07:59","slug":"manovra-urso-sindacati-avrebbero-dovuto-apprezzarla","status":"publish","type":"post","link":"https:\/\/www.messinaoggi.it\/website\/2023\/10\/30\/manovra-urso-sindacati-avrebbero-dovuto-apprezzarla\/","title":{"rendered":"Manovra, Urso \u201cSindacati avrebbero dovuto apprezzarla\u201d"},"content":{"rendered":"<div>ROMA (ITALPRESS) &#8211; &#8220;Essendo una manovra diretta soprattutto a chi lavora e ha un reddito medio basso&#8221; e siccome &#8220;incentiva il lavoro, avrebbe dovuto essere giudicata&#8221; in maniera &#8220;largamente positiva dai sindacati, che innanzitutto rappresentano coloro che lavorano&#8221;. Lo ha detto il ministro delle Imprese e del Made in Italy, Adolfo Urso, a Tg2 Post. &#8220;Abbiamo comunque dato un meccanismo di decontribuzione molto significativo sulle pensioni: tutti sappiamo che il sistema previdenziale si deve reggere&#8221; e per questo, &#8220;abbiamo dato uno stimolo alle famiglie numerose e alla natalit\u00e0, perch\u00e8 questo \u00e8 in prospettiva il problema del nostro Paese&#8221;. Inoltre &#8220;occorre anche incentivare il lavoro di chi ancora non riesce a maturare la propria pensione e incentivare la natalit\u00e0, perch\u00e8 altrimenti, per chi sar\u00e0 anziano dopo di noi, non ci sar\u00e0 nulla da poter retribuire&#8221;.<div id=\"div-gpt-ad-Messinaoggi.it-DSK-300x250-corpoart\" style=\"text-align:center;margin:0 auto;\"><\/div><\/p>\n<p>Foto: Agenzia Fotogramma<div id=\"videoincontent\" style=\"clear:both\";><\/div><\/p>\n<p>(ITALPRESS).<\/p><\/div>\n","protected":false},"excerpt":{"rendered":"<p>ROMA (ITALPRESS) &#8211; &#8220;Essendo una manovra diretta soprattutto a chi lavora e ha un reddito medio basso&#8221; e siccome &#8220;incentiva il lavoro, avrebbe dovuto essere giudicata&#8221; in maniera &#8220;largamente positiva dai sindacati, che innanzitutto rappresentano coloro che lavorano&#8221;. Lo ha detto il ministro delle Imprese e del Made in Italy, Adolfo Urso, a Tg2 Post. [&hellip;]<\/p>\n","protected":false},"author":18,"featured_media":174861,"comment_status":"closed","ping_status":"closed","sticky":false,"template":"","format":"standard","meta":{"ub_ctt_via":"","_mi_skip_tracking":false},"categories":[446],"tags":[783],"featured_image_src":"https:\/\/www.messinaoggi.it\/website\/wp-content\/uploads\/2023\/10\/20231030_2502.jpg","author_info":{"display_name":"Admin","author_link":"https:\/\/www.messinaoggi.it\/website\/author\/admin\/"},"digistream_id":0,"digistream":false,"_links":{"self":[{"href":"https:\/\/www.messinaoggi.it\/website\/wp-json\/wp\/v2\/posts\/174860"}],"collection":[{"href":"https:\/\/www.messinaoggi.it\/website\/wp-json\/wp\/v2\/posts"}],"about":[{"href":"https:\/\/www.messinaoggi.it\/website\/wp-json\/wp\/v2\/types\/post"}],"author":[{"embeddable":true,"href":"https:\/\/www.messinaoggi.it\/website\/wp-json\/wp\/v2\/users\/18"}],"replies":[{"embeddable":true,"href":"https:\/\/www.messinaoggi.it\/website\/wp-json\/wp\/v2\/comments?post=174860"}],"version-history":[{"count":0,"href":"https:\/\/www.messinaoggi.it\/website\/wp-json\/wp\/v2\/posts\/174860\/revisions"}],"wp:featuredmedia":[{"embeddable":true,"href":"https:\/\/www.messinaoggi.it\/website\/wp-json\/wp\/v2\/media\/174861"}],"wp:attachment":[{"href":"https:\/\/www.messinaoggi.it\/website\/wp-json\/wp\/v2\/media?parent=174860"}],"wp:term":[{"taxonomy":"category","embeddable":true,"href":"https:\/\/www.messinaoggi.it\/website\/wp-json\/wp\/v2\/categories?post=174860"},{"taxonomy":"post_tag","embeddable":true,"href":"https:\/\/www.messinaoggi.it\/website\/wp-json\/wp\/v2\/tags?post=174860"}],"curies":[{"name":"wp","href":"https:\/\/api.w.org\/{rel}","templated":true}]}}