{"id":17483,"date":"2018-03-27T17:34:17","date_gmt":"2018-03-27T15:34:17","guid":{"rendered":"http:\/\/www.messinaoggi.it\/website\/?p=17483"},"modified":"2018-03-27T17:34:17","modified_gmt":"2018-03-27T15:34:17","slug":"jarabe-de-palo-conquista-il-mandanici-regalando-grandi-emozioni","status":"publish","type":"post","link":"https:\/\/www.messinaoggi.it\/website\/2018\/03\/27\/jarabe-de-palo-conquista-il-mandanici-regalando-grandi-emozioni\/","title":{"rendered":"Jarabe de Palo conquista il Mandanici regalando grandi emozioni"},"content":{"rendered":"<p>Un\u00a0 inno alla Vita e all\u2019Amore. Cos\u00ec pu\u00f2 essere descritto il concerto evento degli Jarabe de Palo che sabato scorso \u00e8 andato in scena nell\u2019incantevole scenario del Teatro Mandanici di Barcellona Pozzo di Gotto.<br \/>\nE cos\u00ec, di fronte ad una \u00a0nutrita rappresentanze di \u00a0pubblico, desiderosa di sognare sull\u2019onda dei suoi pi\u00f9 grandi successi,\u00a0 il frontman Pau Don\u00e8s \u00a0non si \u00e8 risparmiato, \u00a0concedendosi, interpretando grandi successi che\u00a0 lo avevano reso celebre in Italia, accogliendolo senza riserve, \u00a0e raccontando alla folta platea \u00a0cosa si celasse dietro la nascita di tormentoni come la Flaca o la mitica Depende.<br \/>\n<img loading=\"lazy\" class=\"alignnone size-medium wp-image-17484\" src=\"http:\/\/www.messinaoggi.it\/website\/wp-content\/uploads\/2018\/03\/Jarabe-de-Palo-1-200x300.jpg\" alt=\"\" width=\"200\" height=\"300\" \/><br \/>\nIl \u00a0\u00a0\u00a0gruppo latino, composto da Alex Tenas (batteria), Joan\u00a0 Gen\u00e8 (basso), Jordi Mena (chitarra ), Daniel Forcada (percussioni) e capitanato da Pau Don\u00e8s \u00a0ha festeggiato sul\u00a0 palcoscenico del Mandanici i suoi 20 anni sulla scena musicale internazionale \u00a0\u00a0composto da celebra i vent\u2019anni di spettacolo sulla platea internazionale, mentre il leader del gruppo ha festeggiato il traguardo dei cinquant\u2019anni. Un compleanno questo che andava festeggiato nel migliore dei modi dal momento che Don\u00e8s negli ultimi tempi ha dovuto fronteggiare e sconfiggere il cancro per ben due volte.<br \/>\n<img loading=\"lazy\" class=\"alignnone size-medium wp-image-17485\" src=\"http:\/\/www.messinaoggi.it\/website\/wp-content\/uploads\/2018\/03\/Jarabe-de-Palo-2-300x200.jpg\" alt=\"\" width=\"300\" height=\"200\" \/><br \/>\nIl concerto \u00e8 stato dunque l\u2019occasione felice per ritrovare l&#8217;artista sulle scene dopo un anno intenso e straordinario. Ancora una volta il palcoscenico \u00e8 stato\u00a0 fonte e location capaci di generare grandissime emozioni.<br \/>\n <div id=\"div-gpt-ad-Messinaoggi.it-DSK-300x250-corpoart\" style=\"text-align:center;margin:0 auto;\"><\/div><\/p>\n<div id=\"videoincontent\" style=\"clear:both\";><\/div>","protected":false},"excerpt":{"rendered":"<p>Un\u00a0 inno alla Vita e all\u2019Amore. Cos\u00ec pu\u00f2 essere descritto il concerto evento degli Jarabe de Palo che sabato scorso \u00e8 andato in scena nell\u2019incantevole scenario del Teatro Mandanici di Barcellona Pozzo di Gotto. E cos\u00ec, di fronte ad una \u00a0nutrita rappresentanze di \u00a0pubblico, desiderosa di sognare sull\u2019onda dei suoi pi\u00f9 grandi successi,\u00a0 il frontman [&hellip;]<\/p>\n","protected":false},"author":5,"featured_media":17486,"comment_status":"closed","ping_status":"open","sticky":false,"template":"","format":"standard","meta":{"ub_ctt_via":"","_mi_skip_tracking":false},"categories":[17],"tags":[],"featured_image_src":"https:\/\/www.messinaoggi.it\/website\/wp-content\/uploads\/2018\/03\/Jarabe-de-Palo-copertina-1.jpg","author_info":{"display_name":"Maria Antonella Saia","author_link":"https:\/\/www.messinaoggi.it\/website\/author\/m-saia\/"},"digistream_id":0,"digistream":false,"_links":{"self":[{"href":"https:\/\/www.messinaoggi.it\/website\/wp-json\/wp\/v2\/posts\/17483"}],"collection":[{"href":"https:\/\/www.messinaoggi.it\/website\/wp-json\/wp\/v2\/posts"}],"about":[{"href":"https:\/\/www.messinaoggi.it\/website\/wp-json\/wp\/v2\/types\/post"}],"author":[{"embeddable":true,"href":"https:\/\/www.messinaoggi.it\/website\/wp-json\/wp\/v2\/users\/5"}],"replies":[{"embeddable":true,"href":"https:\/\/www.messinaoggi.it\/website\/wp-json\/wp\/v2\/comments?post=17483"}],"version-history":[{"count":0,"href":"https:\/\/www.messinaoggi.it\/website\/wp-json\/wp\/v2\/posts\/17483\/revisions"}],"wp:featuredmedia":[{"embeddable":true,"href":"https:\/\/www.messinaoggi.it\/website\/wp-json\/wp\/v2\/media\/17486"}],"wp:attachment":[{"href":"https:\/\/www.messinaoggi.it\/website\/wp-json\/wp\/v2\/media?parent=17483"}],"wp:term":[{"taxonomy":"category","embeddable":true,"href":"https:\/\/www.messinaoggi.it\/website\/wp-json\/wp\/v2\/categories?post=17483"},{"taxonomy":"post_tag","embeddable":true,"href":"https:\/\/www.messinaoggi.it\/website\/wp-json\/wp\/v2\/tags?post=17483"}],"curies":[{"name":"wp","href":"https:\/\/api.w.org\/{rel}","templated":true}]}}