{"id":17478,"date":"2018-03-27T14:50:17","date_gmt":"2018-03-27T12:50:17","guid":{"rendered":"http:\/\/www.messinaoggi.it\/website\/?p=17478"},"modified":"2018-03-27T14:50:17","modified_gmt":"2018-03-27T12:50:17","slug":"vittorio-emanuele-iv-piano-allagato-mondello-chiede-provvedimenti","status":"publish","type":"post","link":"https:\/\/www.messinaoggi.it\/website\/2018\/03\/27\/vittorio-emanuele-iv-piano-allagato-mondello-chiede-provvedimenti\/","title":{"rendered":"Vittorio Emanuele, IV Piano allagato: Mondello chiede provvedimenti"},"content":{"rendered":"<p style=\"text-align: justify;\">Il maltempo dei giorni scorsi ha arrecato qualche danno all\u2019interno degli spazi del Teatro Vittorio Emanuele, che \u00e8 comunque di propriet\u00e0 del Comune. La denuncia arriva dal consigliere Franco Mondello, che si \u00e8 recato al 4 piano dello stabile, dove non ha funzionato il sistema di smaltimento delle acque piovane. Nella nota inviata all\u2019amministrazione comunale, Mondello sottolinea che <em>\u201cha potuto costatare in data 22 e 23 marzo u.s. a seguito delle condizioni\u00a0 meteoriche di pioggia \u00a0in citt\u00e0, \u00a0quasi tutte le canalizzazione di smaltimento delle acque meteoriche del Teatro, grondaie e pluviali versano in un grave stato di degrado e dunque non funzionali e che a seguito delle precipitazioni d\u2019acqua presso la terrazza del IV\u00b0 piano si era formato un lago, dunque l\u2019 acqua non riusciva a defluire\u00a0 infiltrandosi copiosamente al piano sottostante nel Gran Foyer, \u00a0arrecando notevoli danni ai muri, con relativo distacco dell\u2019intonaco e danneggiamento degli stucchi e gessi decorativi, inoltre la stessa infiltrazione provocava danni ingenti agli infissi di legno\u201d.<\/em><div id=\"div-gpt-ad-Messinaoggi.it-DSK-300x250-corpoart\" style=\"text-align:center;margin:0 auto;\"><\/div><\/p>\n<p style=\"text-align: justify;\">L\u2019esponente dei Centristi sottolinea: <em>\u201cin data 20 marzo 2018 la Giunta Comunale con la deliberazione n\u00b0 162 ha approvato la proposta di deliberazione n\u00b0 152 del 19\/03\/2018 avente ad oggetto : esercizio provvisorio anno 2018. Variazione al Bilancio di Previsione 2017\/2019, ai sensi del punto 9.11 e 9.2 \u2013 all 4\/2 dell\u2019Ex D.Lgs. 118\/2011, che\u00a0 la Giunta Comunale nella premessa\u00a0 richiamava il punto 8.11 ed l\u2019allegato n. 4\/2 del\u00a0 D.Lgs. 118\/2011, stabilendo che nel corso dell\u2019esercizio provvisorio, al fine di garantire la prosecuzione o l\u2019avvio di attivit\u00e0 soggette a termini di scadenza, il cui mancato svolgimento determinerebbe danno per l\u2019ente, \u00e8 consentito l\u2019utilizzo delle quote vincolate dall\u2019avanzo di amministrazione sulla base di una relazione documentata dai dirigenti competenti\u201d<\/em>.<div id=\"videoincontent\" style=\"clear:both\";><\/div><\/p>\n<p style=\"text-align: justify;\">L\u2019ex vincesindaco chiede al primo cittadino di \u201c<em>conoscere quali atti e determinazioni intende adottare in via d\u2019 urgenza per ripristinare lo stato di funzionalit\u00e0 di tutte le condutture pluviali e le opere necessarie all\u2019impermeabilizzazione e ripavimentazione al fine di non arrecare un danno patrimoniale\u00a0 al bene\u00a0 sottoposto alla normativa vigente al codice dei beni\u00a0 culturali. S\u2019Invita il Sig. Sopraintendente ai Beni Culturali di Messina ad attivare tutte le procedure di vigilanza nei confronti del proprietario dello stabile ed attivare tutte le necessarie tutele al bene patrimoniale culturale\u201d.<\/em><\/p>\n<p> <\/p>\n","protected":false},"excerpt":{"rendered":"<p>Il maltempo dei giorni scorsi ha arrecato qualche danno all\u2019interno degli spazi del Teatro Vittorio Emanuele, che \u00e8 comunque di propriet\u00e0 del Comune. La denuncia arriva dal consigliere Franco Mondello, che si \u00e8 recato al 4 piano dello stabile, dove non ha funzionato il sistema di smaltimento delle acque piovane. Nella nota inviata all\u2019amministrazione comunale, [&hellip;]<\/p>\n","protected":false},"author":2,"featured_media":1904,"comment_status":"closed","ping_status":"open","sticky":false,"template":"","format":"standard","meta":{"ub_ctt_via":"","_mi_skip_tracking":false},"categories":[6],"tags":[],"featured_image_src":"https:\/\/www.messinaoggi.it\/website\/wp-content\/uploads\/2017\/06\/Mondello-Franco-inverno-2.jpg","author_info":{"display_name":"Redazione","author_link":"https:\/\/www.messinaoggi.it\/website\/author\/redazione\/"},"digistream_id":0,"digistream":false,"_links":{"self":[{"href":"https:\/\/www.messinaoggi.it\/website\/wp-json\/wp\/v2\/posts\/17478"}],"collection":[{"href":"https:\/\/www.messinaoggi.it\/website\/wp-json\/wp\/v2\/posts"}],"about":[{"href":"https:\/\/www.messinaoggi.it\/website\/wp-json\/wp\/v2\/types\/post"}],"author":[{"embeddable":true,"href":"https:\/\/www.messinaoggi.it\/website\/wp-json\/wp\/v2\/users\/2"}],"replies":[{"embeddable":true,"href":"https:\/\/www.messinaoggi.it\/website\/wp-json\/wp\/v2\/comments?post=17478"}],"version-history":[{"count":0,"href":"https:\/\/www.messinaoggi.it\/website\/wp-json\/wp\/v2\/posts\/17478\/revisions"}],"wp:featuredmedia":[{"embeddable":true,"href":"https:\/\/www.messinaoggi.it\/website\/wp-json\/wp\/v2\/media\/1904"}],"wp:attachment":[{"href":"https:\/\/www.messinaoggi.it\/website\/wp-json\/wp\/v2\/media?parent=17478"}],"wp:term":[{"taxonomy":"category","embeddable":true,"href":"https:\/\/www.messinaoggi.it\/website\/wp-json\/wp\/v2\/categories?post=17478"},{"taxonomy":"post_tag","embeddable":true,"href":"https:\/\/www.messinaoggi.it\/website\/wp-json\/wp\/v2\/tags?post=17478"}],"curies":[{"name":"wp","href":"https:\/\/api.w.org\/{rel}","templated":true}]}}