{"id":174667,"date":"2023-10-28T19:08:06","date_gmt":"2023-10-28T17:08:06","guid":{"rendered":"https:\/\/www.messinaoggi.it\/website\/2023\/10\/28\/salvini-le-europee-saranno-un-referendum-tra-visioni-del-mondo\/"},"modified":"2023-10-28T19:08:06","modified_gmt":"2023-10-28T17:08:06","slug":"salvini-le-europee-saranno-un-referendum-tra-visioni-del-mondo","status":"publish","type":"post","link":"https:\/\/www.messinaoggi.it\/website\/2023\/10\/28\/salvini-le-europee-saranno-un-referendum-tra-visioni-del-mondo\/","title":{"rendered":"Salvini \u201cLe Europee saranno un referendum tra visioni del mondo\u201d"},"content":{"rendered":"<div>ROMA (ITALPRESS) &#8211; &#8220;Le prossime elezioni europee non sono elezioni politiche, sono un referendum: o di qua o di l\u00e0. Non ci sono mezze vie, non ci sono mezze scelte, non ci sono mezze misure, perch\u00e8 \u00e8 chiaro che c&#8217;\u00e8 una parte del mondo, con valori, storia e obiettivi diversi dai nostri, che ha fatto un&#8217;Opa, ha fatto un&#8217;operazione di acquisizione del nostro modo di vivere, di ragionare, di lavorare, amare, studiare, di scegliere il programma televisivo&#8221;. Lo ha detto il vicepremier e ministro delle Infrastrutture e dei Trasporti, Matteo Salvini, in videocollegamento con il seminario di formazione politica e culturale organizzato dal Gruppo ID al Parlamento Europeo dal titolo &#8220;Pensiero Identitario Europeo&#8221;. &#8220;O di qua o di l\u00e0, nel prossimo giugno le mezze misure non ci sono, l&#8217;importante \u00e8 arrivarci preparati, consapevoli, non per slogan&#8221;, ha aggiunto Salvini.<div id=\"div-gpt-ad-Messinaoggi.it-DSK-300x250-corpoart\" style=\"text-align:center;margin:0 auto;\"><\/div><\/p>\n<p>&#8211; Foto: Agenzia Fotogramma &#8211;<div id=\"videoincontent\" style=\"clear:both\";><\/div><\/p>\n<p>(ITALPRESS).<\/p><\/div>\n","protected":false},"excerpt":{"rendered":"<p>ROMA (ITALPRESS) &#8211; &#8220;Le prossime elezioni europee non sono elezioni politiche, sono un referendum: o di qua o di l\u00e0. Non ci sono mezze vie, non ci sono mezze scelte, non ci sono mezze misure, perch\u00e8 \u00e8 chiaro che c&#8217;\u00e8 una parte del mondo, con valori, storia e obiettivi diversi dai nostri, che ha fatto [&hellip;]<\/p>\n","protected":false},"author":18,"featured_media":174668,"comment_status":"closed","ping_status":"closed","sticky":false,"template":"","format":"standard","meta":{"ub_ctt_via":"","_mi_skip_tracking":false},"categories":[446],"tags":[783],"featured_image_src":"https:\/\/www.messinaoggi.it\/website\/wp-content\/uploads\/2023\/10\/20231028_1325.jpg","author_info":{"display_name":"Admin","author_link":"https:\/\/www.messinaoggi.it\/website\/author\/admin\/"},"digistream_id":0,"digistream":false,"_links":{"self":[{"href":"https:\/\/www.messinaoggi.it\/website\/wp-json\/wp\/v2\/posts\/174667"}],"collection":[{"href":"https:\/\/www.messinaoggi.it\/website\/wp-json\/wp\/v2\/posts"}],"about":[{"href":"https:\/\/www.messinaoggi.it\/website\/wp-json\/wp\/v2\/types\/post"}],"author":[{"embeddable":true,"href":"https:\/\/www.messinaoggi.it\/website\/wp-json\/wp\/v2\/users\/18"}],"replies":[{"embeddable":true,"href":"https:\/\/www.messinaoggi.it\/website\/wp-json\/wp\/v2\/comments?post=174667"}],"version-history":[{"count":0,"href":"https:\/\/www.messinaoggi.it\/website\/wp-json\/wp\/v2\/posts\/174667\/revisions"}],"wp:featuredmedia":[{"embeddable":true,"href":"https:\/\/www.messinaoggi.it\/website\/wp-json\/wp\/v2\/media\/174668"}],"wp:attachment":[{"href":"https:\/\/www.messinaoggi.it\/website\/wp-json\/wp\/v2\/media?parent=174667"}],"wp:term":[{"taxonomy":"category","embeddable":true,"href":"https:\/\/www.messinaoggi.it\/website\/wp-json\/wp\/v2\/categories?post=174667"},{"taxonomy":"post_tag","embeddable":true,"href":"https:\/\/www.messinaoggi.it\/website\/wp-json\/wp\/v2\/tags?post=174667"}],"curies":[{"name":"wp","href":"https:\/\/api.w.org\/{rel}","templated":true}]}}