{"id":174665,"date":"2023-10-28T19:08:01","date_gmt":"2023-10-28T17:08:01","guid":{"rendered":"https:\/\/www.messinaoggi.it\/website\/2023\/10\/28\/medio-oriente-conte-per-la-pace-ci-vogliono-schiena-dritta-e-coraggio\/"},"modified":"2023-10-28T19:08:01","modified_gmt":"2023-10-28T17:08:01","slug":"medio-oriente-conte-per-la-pace-ci-vogliono-schiena-dritta-e-coraggio","status":"publish","type":"post","link":"https:\/\/www.messinaoggi.it\/website\/2023\/10\/28\/medio-oriente-conte-per-la-pace-ci-vogliono-schiena-dritta-e-coraggio\/","title":{"rendered":"Medio Oriente, Conte \u201cPer la pace ci vogliono schiena dritta e coraggio\u201d"},"content":{"rendered":"<div>ROMA (ITALPRESS) &#8211; &#8220;Giorgia Meloni poco fa ha detto di essere concentrata per frenare una crisi umanitaria a Gaza. Un impegno solenne che per\u00f2 stride con l&#8217;azione del nostro Governo in sede Onu, dove ieri sera l&#8217;Italia si \u00e8 astenuta su una risoluzione che perorava una tregua umanitaria nella Striscia di Gaza&#8221;. Lo scrive su Facebook il presidente del M5S Giuseppe Conte.<br \/>&#8220;La scusa accampata da Meloni \u00e8 l&#8217;assenza nel testo di una condanna di Hamas e di un riferimento al diritto di Israele a difendersi. Due temi su cui la comunit\u00e0 internazionale, con le Nazioni Unite in prima fila, si \u00e8 pronunciata con inequivocabile chiarezza gi\u00e0 dai primi minuti dopo il vile attentato terroristico perpetrato da Hamas &#8211; aggiunge -. La risoluzione \u00e8 stata poi approvata dall&#8217;Assemblea Generale ONU con 14 voti contrari, 45 astensioni e 120 voti favorevoli. Per caso il Governo italiano vuole suggerirci che ci sono 120 Stati membri delle Nazioni Unite che fiancheggiano Hamas? Francia, Spagna, Belgio, Portogallo e altri 116 Paesi &#8211; secondo il Governo italiano &#8211; avrebbero espresso la loro vicinanza ai terroristi di Hamas? O piuttosto tutti questi Stati hanno espresso una chiara posizione affinch\u00e8 venga garantito il diritto internazionale umanitario?&#8221;.<br \/>&#8220;Per la pace ci vogliono schiena dritta e coraggio, non la debolezza e la codardia di un Governo che con una decisione pilatesca dimostra di considerare la sofferenza dei civili un drammatico ma inevitabile &#8220;effetto collaterale&#8221; della guerra&#8221;, conclude il leader del M5S.<div id=\"div-gpt-ad-Messinaoggi.it-DSK-300x250-corpoart\" style=\"text-align:center;margin:0 auto;\"><\/div><\/p>\n<p>&#8211; Foto: Agenzia Fotogramma &#8211;<div id=\"videoincontent\" style=\"clear:both\";><\/div><\/p>\n<p>(ITALPRESS).<\/p><\/div>\n","protected":false},"excerpt":{"rendered":"<p>ROMA (ITALPRESS) &#8211; &#8220;Giorgia Meloni poco fa ha detto di essere concentrata per frenare una crisi umanitaria a Gaza. Un impegno solenne che per\u00f2 stride con l&#8217;azione del nostro Governo in sede Onu, dove ieri sera l&#8217;Italia si \u00e8 astenuta su una risoluzione che perorava una tregua umanitaria nella Striscia di Gaza&#8221;. Lo scrive su [&hellip;]<\/p>\n","protected":false},"author":18,"featured_media":174666,"comment_status":"closed","ping_status":"closed","sticky":false,"template":"","format":"standard","meta":{"ub_ctt_via":"","_mi_skip_tracking":false},"categories":[446],"tags":[783],"featured_image_src":"https:\/\/www.messinaoggi.it\/website\/wp-content\/uploads\/2023\/10\/20231028_1315.jpg","author_info":{"display_name":"Admin","author_link":"https:\/\/www.messinaoggi.it\/website\/author\/admin\/"},"digistream_id":0,"digistream":false,"_links":{"self":[{"href":"https:\/\/www.messinaoggi.it\/website\/wp-json\/wp\/v2\/posts\/174665"}],"collection":[{"href":"https:\/\/www.messinaoggi.it\/website\/wp-json\/wp\/v2\/posts"}],"about":[{"href":"https:\/\/www.messinaoggi.it\/website\/wp-json\/wp\/v2\/types\/post"}],"author":[{"embeddable":true,"href":"https:\/\/www.messinaoggi.it\/website\/wp-json\/wp\/v2\/users\/18"}],"replies":[{"embeddable":true,"href":"https:\/\/www.messinaoggi.it\/website\/wp-json\/wp\/v2\/comments?post=174665"}],"version-history":[{"count":0,"href":"https:\/\/www.messinaoggi.it\/website\/wp-json\/wp\/v2\/posts\/174665\/revisions"}],"wp:featuredmedia":[{"embeddable":true,"href":"https:\/\/www.messinaoggi.it\/website\/wp-json\/wp\/v2\/media\/174666"}],"wp:attachment":[{"href":"https:\/\/www.messinaoggi.it\/website\/wp-json\/wp\/v2\/media?parent=174665"}],"wp:term":[{"taxonomy":"category","embeddable":true,"href":"https:\/\/www.messinaoggi.it\/website\/wp-json\/wp\/v2\/categories?post=174665"},{"taxonomy":"post_tag","embeddable":true,"href":"https:\/\/www.messinaoggi.it\/website\/wp-json\/wp\/v2\/tags?post=174665"}],"curies":[{"name":"wp","href":"https:\/\/api.w.org\/{rel}","templated":true}]}}