{"id":17465,"date":"2018-03-27T11:27:47","date_gmt":"2018-03-27T09:27:47","guid":{"rendered":"http:\/\/www.messinaoggi.it\/website\/?p=17465"},"modified":"2018-03-27T11:27:47","modified_gmt":"2018-03-27T09:27:47","slug":"via-crucis-a-giampilieri-le-stazioni-del-dolore-nei-luoghi-risorti-dellalluvione","status":"publish","type":"post","link":"https:\/\/www.messinaoggi.it\/website\/2018\/03\/27\/via-crucis-a-giampilieri-le-stazioni-del-dolore-nei-luoghi-risorti-dellalluvione\/","title":{"rendered":"Via Crucis a Giampilieri, le stazioni del dolore nei luoghi &quot;risorti&quot; dell&#039;alluvione"},"content":{"rendered":"<p>Una Via Crucis vivente sui luoghi dell&#8217;alluvione del 2009, un&#8217;occasione per &#8220;ripercorrere&#8221; il dolore vissuto dall\u2019intero villaggio. La popolazione di Giampilieri si \u00e8 data appuntamento ieri sera (il giorno prima la manifestazione era stata rinviata a causa del maltempo) per un simbolico evento organizzato dalla parrocchia San Nicol\u00f2 di Bari.<br \/>\nLa Via Crucis si \u00e8 snodata lungo il Canalone (nuova opera di ingegneria idraulica inaugurata il 5 agosto scorso). La particolarit\u00e0 della cerimonia \u00e8 stata nella sua rappresentazione: ogni stazione \u00e8 stata interpretata grazie alla partecipazione degli abitanti del borgo e con un largo coinvolgimento dei giovani e di tutte le associazioni presenti nel territorio.<br \/>\nL\u2019evento, oltre ad un suggestivo impatto visivo, \u00e8 stato accompagnato dalle musiche del coro polifonico \u201cSan Nicol\u00f2\u201c diretto dal maestro Nazzareno De Benedetto, dal violino di Cettina De Benedetto e dal pianoforte di Francesco Micali.<br \/>\nGiampilieri cerca di ripartire, ma non dimentica una tragedia che ha segnato il destino di decine di famiglie. Giovani ed anziani si sono ritrovati fianco a fianco, si sono guardati negli occhi che magari qualcuno avr\u00e0 alzato al cielo alla ricerca del proprio &#8220;caro&#8221;.<br \/>\n<img loading=\"lazy\" class=\"alignnone size-medium wp-image-17467\" src=\"http:\/\/www.messinaoggi.it\/website\/wp-content\/uploads\/2018\/03\/giampilieri-superiore-vista-notturna-300x193.jpg\" alt=\"\" width=\"300\" height=\"193\" \/><br \/>\nUn percorso di dolore e di speranza, evidenziato anche dalla foto scattata da Cinzia Aloisi che ovviamente ringraziamo.<br \/>\n\u201cA quasi nove anni dall&#8217;alluvione che ha colpito questo borgo abbiamo voluto scegliere come tragitto quei luoghi e quegli spazi per la forte carica simbolica che essi rappresentano per i nostri concittadini \u2013 ha spiegato il parroco don Alessandro De Gregorio \u2013 la Via Crucis vuole ripercorrere la via dolorosa della Croce proprio li dove il dolore si \u00e8 consumato e dove hanno perso la vita 19 persone, nella certezza di volere tenere vivo il ricordo di un passato difficile costruendo un presente di speranza e resurrezione\u201d.<br \/>\n<strong>Tonino Demana<\/strong><div id=\"div-gpt-ad-Messinaoggi.it-DSK-300x250-corpoart\" style=\"text-align:center;margin:0 auto;\"><\/div><\/p>\n<div id=\"videoincontent\" style=\"clear:both\";><\/div>","protected":false},"excerpt":{"rendered":"<p>Una Via Crucis vivente sui luoghi dell&#8217;alluvione del 2009, un&#8217;occasione per &#8220;ripercorrere&#8221; il dolore vissuto dall\u2019intero villaggio. La popolazione di Giampilieri si \u00e8 data appuntamento ieri sera (il giorno prima la manifestazione era stata rinviata a causa del maltempo) per un simbolico evento organizzato dalla parrocchia San Nicol\u00f2 di Bari. La Via Crucis si \u00e8 [&hellip;]<\/p>\n","protected":false},"author":2,"featured_media":17466,"comment_status":"closed","ping_status":"open","sticky":false,"template":"","format":"standard","meta":{"ub_ctt_via":"","_mi_skip_tracking":false},"categories":[5],"tags":[],"featured_image_src":"https:\/\/www.messinaoggi.it\/website\/wp-content\/uploads\/2018\/03\/via-crucis-a-giampilieri-1-1.jpg","author_info":{"display_name":"Redazione","author_link":"https:\/\/www.messinaoggi.it\/website\/author\/redazione\/"},"digistream_id":0,"digistream":false,"_links":{"self":[{"href":"https:\/\/www.messinaoggi.it\/website\/wp-json\/wp\/v2\/posts\/17465"}],"collection":[{"href":"https:\/\/www.messinaoggi.it\/website\/wp-json\/wp\/v2\/posts"}],"about":[{"href":"https:\/\/www.messinaoggi.it\/website\/wp-json\/wp\/v2\/types\/post"}],"author":[{"embeddable":true,"href":"https:\/\/www.messinaoggi.it\/website\/wp-json\/wp\/v2\/users\/2"}],"replies":[{"embeddable":true,"href":"https:\/\/www.messinaoggi.it\/website\/wp-json\/wp\/v2\/comments?post=17465"}],"version-history":[{"count":0,"href":"https:\/\/www.messinaoggi.it\/website\/wp-json\/wp\/v2\/posts\/17465\/revisions"}],"wp:featuredmedia":[{"embeddable":true,"href":"https:\/\/www.messinaoggi.it\/website\/wp-json\/wp\/v2\/media\/17466"}],"wp:attachment":[{"href":"https:\/\/www.messinaoggi.it\/website\/wp-json\/wp\/v2\/media?parent=17465"}],"wp:term":[{"taxonomy":"category","embeddable":true,"href":"https:\/\/www.messinaoggi.it\/website\/wp-json\/wp\/v2\/categories?post=17465"},{"taxonomy":"post_tag","embeddable":true,"href":"https:\/\/www.messinaoggi.it\/website\/wp-json\/wp\/v2\/tags?post=17465"}],"curies":[{"name":"wp","href":"https:\/\/api.w.org\/{rel}","templated":true}]}}