{"id":17455,"date":"2018-03-27T10:21:22","date_gmt":"2018-03-27T08:21:22","guid":{"rendered":"http:\/\/www.messinaoggi.it\/website\/?p=17455"},"modified":"2018-03-27T10:21:22","modified_gmt":"2018-03-27T08:21:22","slug":"lo-monte-salvini-e-lattore-principale-della-politica-nazionale-la-lega-vuole-recitare-un-ruolo-da-protagonista-anche-a-messina","status":"publish","type":"post","link":"https:\/\/www.messinaoggi.it\/website\/2018\/03\/27\/lo-monte-salvini-e-lattore-principale-della-politica-nazionale-la-lega-vuole-recitare-un-ruolo-da-protagonista-anche-a-messina\/","title":{"rendered":"Lo Monte: &quot;Salvini \u00e8 l&#039;attore principale della politica nazionale, la Lega vuole recitare un ruolo da protagonista anche a Messina&quot;"},"content":{"rendered":"<p style=\"text-align: justify;\">\u201cLe elezioni dei presidenti di Camera e Senato hanno dimostrato che <strong>Matteo Salvini <\/strong>\u00e8 attore protagonista della politica italiana. A questa conclusione si giunge facilmente osservando che i due candidati calati dall\u2019alto da <strong>Berlusconi<\/strong> e\u00a0 <strong>Di Maio<\/strong>, Paolo Romani per il Senato e Riccardo Fraccaro per la Camera, sono naufragati grazie alla Politica di Matteo Salvini\u201d. Cos\u00ec il deputato nazionale della Lega, <strong>Carmelo Lo Monte<\/strong>, sulle nomine dei presidenti di Camera e Senato decisi dal Parlamento.<div id=\"div-gpt-ad-Messinaoggi.it-DSK-300x250-corpoart\" style=\"text-align:center;margin:0 auto;\"><\/div><\/p>\n<p style=\"text-align: justify;\">\u201cLe nomine di Alberti Casellati al Senato e Roberto Fico alla Camera sono nomine concordate tra il movimento Cinque Stelle e il Centrodestra e tale accordo \u00e8 conseguente alle scelte di Matteo Salvini che ha determinato il cambio ai vertici dei due rami del Parlamento \u2013 ha continuato il deputato nazionale &#8211; Il modo di operare di Matteo Salvini non va letto esclusivamente in riferimento ai due rami del Parlamento, ma va letto come metodo nuovo che ha impedito, per Senato e Camera, ed impedir\u00e0 per tutte le elezioni in cui la Lega avr\u00e0 un ruolo, che le indicazioni possono provenire esclusivamente dai Berlusconi e dai Di Maio di turno nelle diverse citt\u00e0 e regioni d\u2019Italia\u201d.<div id=\"videoincontent\" style=\"clear:both\";><\/div><\/p>\n<p style=\"text-align: justify;\">Lo Monte parla anche delle prossime elezioni amministrative di Messina che si svolgeranno il prossimo 10 giugno: \u201cLa citt\u00e0 di Messina si appresta ad eleggere il nuovo sindaco; i nomi, ma non i candidati, sono di persone pi\u00f9 che rispettabili sul piano personale, un po\u2019 meno sul piano politico.<\/p>\n<p style=\"text-align: justify;\">I candidati, allo stato, sono soggetti autoreferenziati o calati pi\u00f9 o meno dall\u2019alto; la citt\u00e0 di Messina \u00e8 stanca di sub\u00ecre ulteriori nomine calate dall\u2019alto e la Lega nella citt\u00e0 di Messina, intende evitar candidature personali, personalizzate e non concordate; la Lega non intende subire la candidatura di alcuno; la Lega \u00e8 pronta ad appoggiare il candidato che proponga il migliore programma per la citt\u00e0 di Messina, confrontandolo con quello che la Lega ha elaborato e si riserva, ove non si addivenisse ad una candidatura concordata, di dare il proprio sostegno a quel candidato a sindaco che meglio rappresenta l\u2019interesse del territorio, le istanze dei meno abbienti, le valutazioni dei disoccupati e sottoccupati, le richieste di coloro che in citt\u00e0 non hanno avuto, in riferimento alle necessit\u00e0 di cui sono titolari, le necessarie e dovute considerazioni e risposte dall\u2019Amministrazione in carica e dai candidati fino ad oggi autonomamente qualificatisi tali\u201d.<\/p>\n<p style=\"text-align: justify;\">\n","protected":false},"excerpt":{"rendered":"<p>\u201cLe elezioni dei presidenti di Camera e Senato hanno dimostrato che Matteo Salvini \u00e8 attore protagonista della politica italiana. A questa conclusione si giunge facilmente osservando che i due candidati calati dall\u2019alto da Berlusconi e\u00a0 Di Maio, Paolo Romani per il Senato e Riccardo Fraccaro per la Camera, sono naufragati grazie alla Politica di Matteo [&hellip;]<\/p>\n","protected":false},"author":2,"featured_media":16548,"comment_status":"closed","ping_status":"open","sticky":false,"template":"","format":"standard","meta":{"ub_ctt_via":"","_mi_skip_tracking":false},"categories":[6],"tags":[],"featured_image_src":"https:\/\/www.messinaoggi.it\/website\/wp-content\/uploads\/2018\/03\/carmelo-lo-monte-pippo-perdichizzi-1.jpg","author_info":{"display_name":"Redazione","author_link":"https:\/\/www.messinaoggi.it\/website\/author\/redazione\/"},"digistream_id":0,"digistream":false,"_links":{"self":[{"href":"https:\/\/www.messinaoggi.it\/website\/wp-json\/wp\/v2\/posts\/17455"}],"collection":[{"href":"https:\/\/www.messinaoggi.it\/website\/wp-json\/wp\/v2\/posts"}],"about":[{"href":"https:\/\/www.messinaoggi.it\/website\/wp-json\/wp\/v2\/types\/post"}],"author":[{"embeddable":true,"href":"https:\/\/www.messinaoggi.it\/website\/wp-json\/wp\/v2\/users\/2"}],"replies":[{"embeddable":true,"href":"https:\/\/www.messinaoggi.it\/website\/wp-json\/wp\/v2\/comments?post=17455"}],"version-history":[{"count":0,"href":"https:\/\/www.messinaoggi.it\/website\/wp-json\/wp\/v2\/posts\/17455\/revisions"}],"wp:featuredmedia":[{"embeddable":true,"href":"https:\/\/www.messinaoggi.it\/website\/wp-json\/wp\/v2\/media\/16548"}],"wp:attachment":[{"href":"https:\/\/www.messinaoggi.it\/website\/wp-json\/wp\/v2\/media?parent=17455"}],"wp:term":[{"taxonomy":"category","embeddable":true,"href":"https:\/\/www.messinaoggi.it\/website\/wp-json\/wp\/v2\/categories?post=17455"},{"taxonomy":"post_tag","embeddable":true,"href":"https:\/\/www.messinaoggi.it\/website\/wp-json\/wp\/v2\/tags?post=17455"}],"curies":[{"name":"wp","href":"https:\/\/api.w.org\/{rel}","templated":true}]}}