{"id":174499,"date":"2023-10-27T10:42:13","date_gmt":"2023-10-27T08:42:13","guid":{"rendered":"http:\/\/www.messinaoggi.it\/website\/?p=174499"},"modified":"2023-10-27T10:58:28","modified_gmt":"2023-10-27T08:58:28","slug":"la-fauci-confermare-il-comandante-blasco","status":"publish","type":"post","link":"https:\/\/www.messinaoggi.it\/website\/2023\/10\/27\/la-fauci-confermare-il-comandante-blasco\/","title":{"rendered":"La Fauci: &#8220;Confermare il comandante Blasco&#8221;"},"content":{"rendered":"\n<p>Il capogruppo di Ora Sicilia <strong>Giandomenico La Fauci<\/strong> chiede la riconferma del comandante della Polizia municipale Stefano Blasco, che presto terminer\u00e0 il suo incarico. <div id=\"div-gpt-ad-Messinaoggi.it-DSK-300x250-corpoart\" style=\"text-align:center;margin:0 auto;\"><\/div><\/p>\n\n\n\n<p>\u00abIl prossimo 15 novembre l\u2019incarico del comandante della Polizia Municipale della citt\u00e0 di Messina, Stefano Blasco, terminer\u00e0. \u00c8 opinione comune che all\u2019interno del suo mandato, Blasco, abbia svolto un lavoro di alto profilo e di grande crescita dell\u2019intero corpo. Gestendo, tra l\u2019altro, una condizione complicata dal punto di vista numerico. Non ultima, poi, la vicenda riguardante la stabilizzazione possibile di 46 agenti ritenuti essenziali per il buon svolgimento del lavoro del corpo. La possibile conferma di Blasco oltre il 15 novembre dipende da una decisione propria del sindaco Basile che, per\u00f2, al momento non pare indirizzato verso la scelta di un prosieguo dell\u2019incarico. Ovvio, che la posizione in futuro dovr\u00e0 essere assegnata tramite selezione pubblica o concorso cos\u00ec da avere una stabilit\u00e0 maggiore in un ruolo tanto delicato. Nell\u2019intervallo tra la scadenza dell\u2019incarico di Blasco e la possibile selezione, quindi, si potrebbe tranquillamente \u201cripartire\u201d dall\u2019ottimo lavoro del comandante uscente, anche per non disperdere quanto fatto in questi mesi di profondo mutamento per la citt\u00e0. Lo stesso comandante si \u00e8 detto disponibile a proseguire, senza dimenticare che il possibile conflitto con il medesimo ruolo ricoperto presso la citt\u00e0 di Enna ha cessato di esistere con l\u2019assegnazione del ruolo a una nuova figura. Per questo, quindi, ho presentato un\u2019interrogazione al sindaco Basile per comprendere quale sia la possibilit\u00e0 per una riconferma di Stefano Blasco alla guida della Polizia Municipale oltre la data di fine incarico\u00bb. <div id=\"videoincontent\" style=\"clear:both\";><\/div><\/p>\n\n\n\n<figure class=\"wp-block-image size-large\"><img loading=\"lazy\" width=\"764\" height=\"531\" src=\"http:\/\/www.messinaoggi.it\/website\/wp-content\/uploads\/2018\/08\/Giandomenico-La-Fauci-1.jpg\" alt=\"\" class=\"wp-image-23132\"\/><figcaption>Giandomenico La Fauci<\/figcaption><\/figure>\n","protected":false},"excerpt":{"rendered":"<p>Il capogruppo di Ora Sicilia Giandomenico La Fauci chiede la riconferma del comandante della Polizia municipale Stefano Blasco, che presto terminer\u00e0 il suo incarico. \u00abIl prossimo 15 novembre l\u2019incarico del comandante della Polizia Municipale della citt\u00e0 di Messina, Stefano Blasco, terminer\u00e0. \u00c8 opinione comune che all\u2019interno del suo mandato, Blasco, abbia svolto un lavoro di [&hellip;]<\/p>\n","protected":false},"author":15,"featured_media":174500,"comment_status":"open","ping_status":"open","sticky":false,"template":"","format":"standard","meta":{"ub_ctt_via":"","_mi_skip_tracking":false},"categories":[4],"tags":[6470,3367,4167,6469],"featured_image_src":"https:\/\/www.messinaoggi.it\/website\/wp-content\/uploads\/2023\/10\/SmartSelect_20231027_104105_Chrome.jpg","author_info":{"display_name":"red.me","author_link":"https:\/\/www.messinaoggi.it\/website\/author\/red-me\/"},"digistream_id":0,"digistream":false,"_links":{"self":[{"href":"https:\/\/www.messinaoggi.it\/website\/wp-json\/wp\/v2\/posts\/174499"}],"collection":[{"href":"https:\/\/www.messinaoggi.it\/website\/wp-json\/wp\/v2\/posts"}],"about":[{"href":"https:\/\/www.messinaoggi.it\/website\/wp-json\/wp\/v2\/types\/post"}],"author":[{"embeddable":true,"href":"https:\/\/www.messinaoggi.it\/website\/wp-json\/wp\/v2\/users\/15"}],"replies":[{"embeddable":true,"href":"https:\/\/www.messinaoggi.it\/website\/wp-json\/wp\/v2\/comments?post=174499"}],"version-history":[{"count":3,"href":"https:\/\/www.messinaoggi.it\/website\/wp-json\/wp\/v2\/posts\/174499\/revisions"}],"predecessor-version":[{"id":174508,"href":"https:\/\/www.messinaoggi.it\/website\/wp-json\/wp\/v2\/posts\/174499\/revisions\/174508"}],"wp:featuredmedia":[{"embeddable":true,"href":"https:\/\/www.messinaoggi.it\/website\/wp-json\/wp\/v2\/media\/174500"}],"wp:attachment":[{"href":"https:\/\/www.messinaoggi.it\/website\/wp-json\/wp\/v2\/media?parent=174499"}],"wp:term":[{"taxonomy":"category","embeddable":true,"href":"https:\/\/www.messinaoggi.it\/website\/wp-json\/wp\/v2\/categories?post=174499"},{"taxonomy":"post_tag","embeddable":true,"href":"https:\/\/www.messinaoggi.it\/website\/wp-json\/wp\/v2\/tags?post=174499"}],"curies":[{"name":"wp","href":"https:\/\/api.w.org\/{rel}","templated":true}]}}