{"id":174356,"date":"2023-10-26T13:08:00","date_gmt":"2023-10-26T11:08:00","guid":{"rendered":"https:\/\/www.messinaoggi.it\/website\/2023\/10\/26\/medio-oriente-tajani-europa-sia-protagonista-di-mediazione\/"},"modified":"2023-10-26T13:08:00","modified_gmt":"2023-10-26T11:08:00","slug":"medio-oriente-tajani-europa-sia-protagonista-di-mediazione","status":"publish","type":"post","link":"https:\/\/www.messinaoggi.it\/website\/2023\/10\/26\/medio-oriente-tajani-europa-sia-protagonista-di-mediazione\/","title":{"rendered":"Medio Oriente, Tajani \u201cEuropa sia protagonista di mediazione\u201d"},"content":{"rendered":"<div>BRUXELLES (ITALPRESS) &#8211; &#8220;Continueremo a lavorare per la stabilit\u00e0 del Medio Oriente, perch\u00e8 l&#8217;Europa possa essere protagonista della politica internazionale e non sia sempre l&#8217;America a dover intervenire ma ci sia una forza della nostra Unione che possa svolgere un ruolo politico&#8221;. Lo ha detto il vicepremier e ministro degli Esteri, Antonio Tajani, a margine del summit del Ppe a Bruxelles. &#8220;Bisogna andare avanti su una politica estera che ancora non \u00e8 cos\u00ec forte&#8221; e &#8220;su una politica della difesa che deve essere costruita: \u00e8 stato fatto qualche passo in avanti, ma bisogna continuare&#8221;, ha spiegato. &#8220;L&#8217;Europa pu\u00f2 svolgere un ruolo di portatrice di pace e pu\u00f2 essere protagonista di una mediazione per arrivare alla soluzione &#8216;due popoli, due Stat\u00ec&#8221;.<div id=\"div-gpt-ad-Messinaoggi.it-DSK-300x250-corpoart\" style=\"text-align:center;margin:0 auto;\"><\/div><\/p>\n<p>Foto: Agenzia Fotogramma<div id=\"videoincontent\" style=\"clear:both\";><\/div><\/p>\n<p>(ITALPRESS).<\/p><\/div>\n","protected":false},"excerpt":{"rendered":"<p>BRUXELLES (ITALPRESS) &#8211; &#8220;Continueremo a lavorare per la stabilit\u00e0 del Medio Oriente, perch\u00e8 l&#8217;Europa possa essere protagonista della politica internazionale e non sia sempre l&#8217;America a dover intervenire ma ci sia una forza della nostra Unione che possa svolgere un ruolo politico&#8221;. Lo ha detto il vicepremier e ministro degli Esteri, Antonio Tajani, a margine [&hellip;]<\/p>\n","protected":false},"author":18,"featured_media":174357,"comment_status":"closed","ping_status":"closed","sticky":false,"template":"","format":"standard","meta":{"ub_ctt_via":"","_mi_skip_tracking":false},"categories":[446],"tags":[783],"featured_image_src":"https:\/\/www.messinaoggi.it\/website\/wp-content\/uploads\/2023\/10\/20231026_0374.jpg","author_info":{"display_name":"Admin","author_link":"https:\/\/www.messinaoggi.it\/website\/author\/admin\/"},"digistream_id":0,"digistream":false,"_links":{"self":[{"href":"https:\/\/www.messinaoggi.it\/website\/wp-json\/wp\/v2\/posts\/174356"}],"collection":[{"href":"https:\/\/www.messinaoggi.it\/website\/wp-json\/wp\/v2\/posts"}],"about":[{"href":"https:\/\/www.messinaoggi.it\/website\/wp-json\/wp\/v2\/types\/post"}],"author":[{"embeddable":true,"href":"https:\/\/www.messinaoggi.it\/website\/wp-json\/wp\/v2\/users\/18"}],"replies":[{"embeddable":true,"href":"https:\/\/www.messinaoggi.it\/website\/wp-json\/wp\/v2\/comments?post=174356"}],"version-history":[{"count":0,"href":"https:\/\/www.messinaoggi.it\/website\/wp-json\/wp\/v2\/posts\/174356\/revisions"}],"wp:featuredmedia":[{"embeddable":true,"href":"https:\/\/www.messinaoggi.it\/website\/wp-json\/wp\/v2\/media\/174357"}],"wp:attachment":[{"href":"https:\/\/www.messinaoggi.it\/website\/wp-json\/wp\/v2\/media?parent=174356"}],"wp:term":[{"taxonomy":"category","embeddable":true,"href":"https:\/\/www.messinaoggi.it\/website\/wp-json\/wp\/v2\/categories?post=174356"},{"taxonomy":"post_tag","embeddable":true,"href":"https:\/\/www.messinaoggi.it\/website\/wp-json\/wp\/v2\/tags?post=174356"}],"curies":[{"name":"wp","href":"https:\/\/api.w.org\/{rel}","templated":true}]}}