{"id":174349,"date":"2023-10-26T11:08:05","date_gmt":"2023-10-26T09:08:05","guid":{"rendered":"https:\/\/www.messinaoggi.it\/website\/2023\/10\/26\/medio-oriente-zuppi-hamas-peggiore-nemico-dei-palestinesi\/"},"modified":"2023-10-26T11:08:05","modified_gmt":"2023-10-26T09:08:05","slug":"medio-oriente-zuppi-hamas-peggiore-nemico-dei-palestinesi","status":"publish","type":"post","link":"https:\/\/www.messinaoggi.it\/website\/2023\/10\/26\/medio-oriente-zuppi-hamas-peggiore-nemico-dei-palestinesi\/","title":{"rendered":"Medio Oriente, Zuppi \u201cHamas peggiore nemico dei palestinesi\u201d"},"content":{"rendered":"<div>GENOVA (ITALPRESS) &#8211; &#8220;Lo sforzo \u00e8 trovare la soluzione che garantisca i diritti delle due parti. C&#8217;\u00e8 tanto bisogno di una leadership palestinese, che sia autorevole e in grado di difendere il loro popolo. Hamas \u00e8 il peggiore nemico del popolo palestinese, non c&#8217;\u00e8 niente da fare&#8221;. Lo ha detto Matteo Maria Zuppi, presidente della Cei, parlando del conflitto in Medio Oriente a margine dell&#8217;assemblea nazionale di Anci.<div id=\"div-gpt-ad-Messinaoggi.it-DSK-300x250-corpoart\" style=\"text-align:center;margin:0 auto;\"><\/div><\/p>\n<p>Foto: Agenzia Fotogramma<div id=\"videoincontent\" style=\"clear:both\";><\/div><\/p>\n<p>(ITALPRESS).<\/p><\/div>\n","protected":false},"excerpt":{"rendered":"<p>GENOVA (ITALPRESS) &#8211; &#8220;Lo sforzo \u00e8 trovare la soluzione che garantisca i diritti delle due parti. C&#8217;\u00e8 tanto bisogno di una leadership palestinese, che sia autorevole e in grado di difendere il loro popolo. Hamas \u00e8 il peggiore nemico del popolo palestinese, non c&#8217;\u00e8 niente da fare&#8221;. Lo ha detto Matteo Maria Zuppi, presidente della [&hellip;]<\/p>\n","protected":false},"author":18,"featured_media":174350,"comment_status":"closed","ping_status":"closed","sticky":false,"template":"","format":"standard","meta":{"ub_ctt_via":"","_mi_skip_tracking":false},"categories":[446],"tags":[783],"featured_image_src":"https:\/\/www.messinaoggi.it\/website\/wp-content\/uploads\/2023\/10\/20231026_0186.jpg","author_info":{"display_name":"Admin","author_link":"https:\/\/www.messinaoggi.it\/website\/author\/admin\/"},"digistream_id":0,"digistream":false,"_links":{"self":[{"href":"https:\/\/www.messinaoggi.it\/website\/wp-json\/wp\/v2\/posts\/174349"}],"collection":[{"href":"https:\/\/www.messinaoggi.it\/website\/wp-json\/wp\/v2\/posts"}],"about":[{"href":"https:\/\/www.messinaoggi.it\/website\/wp-json\/wp\/v2\/types\/post"}],"author":[{"embeddable":true,"href":"https:\/\/www.messinaoggi.it\/website\/wp-json\/wp\/v2\/users\/18"}],"replies":[{"embeddable":true,"href":"https:\/\/www.messinaoggi.it\/website\/wp-json\/wp\/v2\/comments?post=174349"}],"version-history":[{"count":0,"href":"https:\/\/www.messinaoggi.it\/website\/wp-json\/wp\/v2\/posts\/174349\/revisions"}],"wp:featuredmedia":[{"embeddable":true,"href":"https:\/\/www.messinaoggi.it\/website\/wp-json\/wp\/v2\/media\/174350"}],"wp:attachment":[{"href":"https:\/\/www.messinaoggi.it\/website\/wp-json\/wp\/v2\/media?parent=174349"}],"wp:term":[{"taxonomy":"category","embeddable":true,"href":"https:\/\/www.messinaoggi.it\/website\/wp-json\/wp\/v2\/categories?post=174349"},{"taxonomy":"post_tag","embeddable":true,"href":"https:\/\/www.messinaoggi.it\/website\/wp-json\/wp\/v2\/tags?post=174349"}],"curies":[{"name":"wp","href":"https:\/\/api.w.org\/{rel}","templated":true}]}}