{"id":174347,"date":"2023-10-26T11:08:02","date_gmt":"2023-10-26T09:08:02","guid":{"rendered":"https:\/\/www.messinaoggi.it\/website\/2023\/10\/26\/manovra-ciriani-pochi-emendamenti-non-significa-tempi-compressi\/"},"modified":"2023-10-26T11:08:02","modified_gmt":"2023-10-26T09:08:02","slug":"manovra-ciriani-pochi-emendamenti-non-significa-tempi-compressi","status":"publish","type":"post","link":"https:\/\/www.messinaoggi.it\/website\/2023\/10\/26\/manovra-ciriani-pochi-emendamenti-non-significa-tempi-compressi\/","title":{"rendered":"Manovra, Ciriani \u201cPochi emendamenti non significa tempi compressi\u201d"},"content":{"rendered":"<div>GENOVA (ITALPRESS) &#8211; I tempi per l&#8217;approvazione della manovra saranno quelli &#8220;di una legge di bilancio, piuttosto lunghi. Il fatto che la maggioranza abbia annunciato di non fare emendamenti non significa che verranno compressi i termini dell&#8217;esame, della discussione, delle audizioni&#8221;. Lo ha detto Luca Ciriani, ministro dei rapporti col Parlamento, a margine dell&#8217;assemblea nazionale di Anci a Genova. &#8220;Essendoci meno emendamenti la manovra proceder\u00e0 in maniera pi\u00f9 veloce, ma questo non significa che le opposizioni non possono fare il loro mestiere o che verr\u00e0 impedito di fare proposte &#8211; ha assicurato il ministro -. Il messaggio che volevamo dare era compattezza e responsabilit\u00e0: pochi emendamenti significa garanzia rispetto al fatto che i saldi della finanza pubblica e i principi contenuti nella finanziaria non verranno stravolti&#8221;.<div id=\"div-gpt-ad-Messinaoggi.it-DSK-300x250-corpoart\" style=\"text-align:center;margin:0 auto;\"><\/div><\/p>\n<p>Foto: Agenzia Fotogramma<div id=\"videoincontent\" style=\"clear:both\";><\/div><\/p>\n<p>(ITALPRESS).<\/p><\/div>\n","protected":false},"excerpt":{"rendered":"<p>GENOVA (ITALPRESS) &#8211; I tempi per l&#8217;approvazione della manovra saranno quelli &#8220;di una legge di bilancio, piuttosto lunghi. Il fatto che la maggioranza abbia annunciato di non fare emendamenti non significa che verranno compressi i termini dell&#8217;esame, della discussione, delle audizioni&#8221;. Lo ha detto Luca Ciriani, ministro dei rapporti col Parlamento, a margine dell&#8217;assemblea nazionale [&hellip;]<\/p>\n","protected":false},"author":18,"featured_media":174348,"comment_status":"closed","ping_status":"closed","sticky":false,"template":"","format":"standard","meta":{"ub_ctt_via":"","_mi_skip_tracking":false},"categories":[446],"tags":[783],"featured_image_src":"https:\/\/www.messinaoggi.it\/website\/wp-content\/uploads\/2023\/10\/20231026_0184.jpg","author_info":{"display_name":"Admin","author_link":"https:\/\/www.messinaoggi.it\/website\/author\/admin\/"},"digistream_id":0,"digistream":false,"_links":{"self":[{"href":"https:\/\/www.messinaoggi.it\/website\/wp-json\/wp\/v2\/posts\/174347"}],"collection":[{"href":"https:\/\/www.messinaoggi.it\/website\/wp-json\/wp\/v2\/posts"}],"about":[{"href":"https:\/\/www.messinaoggi.it\/website\/wp-json\/wp\/v2\/types\/post"}],"author":[{"embeddable":true,"href":"https:\/\/www.messinaoggi.it\/website\/wp-json\/wp\/v2\/users\/18"}],"replies":[{"embeddable":true,"href":"https:\/\/www.messinaoggi.it\/website\/wp-json\/wp\/v2\/comments?post=174347"}],"version-history":[{"count":0,"href":"https:\/\/www.messinaoggi.it\/website\/wp-json\/wp\/v2\/posts\/174347\/revisions"}],"wp:featuredmedia":[{"embeddable":true,"href":"https:\/\/www.messinaoggi.it\/website\/wp-json\/wp\/v2\/media\/174348"}],"wp:attachment":[{"href":"https:\/\/www.messinaoggi.it\/website\/wp-json\/wp\/v2\/media?parent=174347"}],"wp:term":[{"taxonomy":"category","embeddable":true,"href":"https:\/\/www.messinaoggi.it\/website\/wp-json\/wp\/v2\/categories?post=174347"},{"taxonomy":"post_tag","embeddable":true,"href":"https:\/\/www.messinaoggi.it\/website\/wp-json\/wp\/v2\/tags?post=174347"}],"curies":[{"name":"wp","href":"https:\/\/api.w.org\/{rel}","templated":true}]}}