{"id":17434,"date":"2018-03-26T15:26:13","date_gmt":"2018-03-26T13:26:13","guid":{"rendered":"http:\/\/www.messinaoggi.it\/website\/?p=17434"},"modified":"2018-03-26T15:26:13","modified_gmt":"2018-03-26T13:26:13","slug":"verso-il-voto-trischitta-conferma-bramanti-ineleggibile-faro-ricorso","status":"publish","type":"post","link":"https:\/\/www.messinaoggi.it\/website\/2018\/03\/26\/verso-il-voto-trischitta-conferma-bramanti-ineleggibile-faro-ricorso\/","title":{"rendered":"Verso il voto, Trischitta conferma: &quot;Bramanti ineleggibile far\u00f2 ricorso&quot;"},"content":{"rendered":"<p style=\"text-align: justify\">Il dubbio \u00e8 sorto qualche giorno fa in conferenza stampa, ma adesso \u00e8 stato amplificato dall\u2019ufficiale discesa in campo di Dino Bramanti come candidato alla carica di primo cittadino. Pippo Trischitta avanza parecchi dubbi circa l\u2019eleggibilit\u00e0 dello stesso Bramanti, con cui ha intrapreso un vero e proprio duello rusticano: \u00e8 iniziata la campagna elettorale. Lo scorso 17 marzo al Palacultura, Trischitta ha lanciato il movimento Messina Splendida che lo supporter\u00e0 nella corsa alla carica da primo cittadino, entrando in contrasto con Forza Italia che continua a rappresentare in Consiglio Comunale in qualit\u00e0 di capogruppo.<div id=\"div-gpt-ad-Messinaoggi.it-DSK-300x250-corpoart\" style=\"text-align:center;margin:0 auto;\"><\/div><\/p>\n<p style=\"text-align: justify\">Ma l\u2019interrogativo del giorno riguarda l\u2019ineleggibilit\u00e0 del direttore scientifico dell\u2019Irccs, fattore verso cui Trischitta non sembra nutrire particolari dubbi: <em>\u201cLui \u00e8 direttore scientifico dell\u2019Irccs, ma svolge anche ruoli di amministrazione e gestione. Ha firmato delibere di assunzioni di dipendenti, fino a giorno 20 marzo ha aggiudicato gare d\u2019appalto, ha disposto pagamenti e insieme al direttore generale, amministrativo e sanitario firma tutte le delibere. L\u2019Anac ha detto chiaramente che la figura del direttore scientifico non pu\u00f2 essere sottovalutata e non equiparata alle altre, Bramanti gestisce l\u2019Irccs a 360 gradi\u201d.<\/em><div id=\"videoincontent\" style=\"clear:both\";><\/div><\/p>\n<p style=\"text-align: justify\">Per Trischitta c\u2019\u00e8 pure un precedente giuridico di cui tener conto: <em>\u201cLa Regione Lombardia nel 2016 ha fatto una legge giudicando ineleggibili di direttori scientifici delle Irccs \u2013 ha dichiarato \u2013 non possono ricoprire incarichi politici regionali, le leggi che dipendono dall\u2019Anac si applicano in tutta Italia. Per questo motivo io far\u00f2 ricorso sia quando presenter\u00e0 le liste che in caso di suo successo al primo turno o ad una sua presenza all\u2019eventuale ballottaggio. Bramanti si sarebbe dovuto dimettere l\u201911 novembre scorso, cio\u00e8 sei mesi prima dalla presentazione delle liste, tempo previsto dalla legge per impedire assunzioni o altri movimenti. Quelle stesse assunzioni che io ho criticato sotto l\u2019aspetto dell\u2019opportunit\u00e0 politica e non sotto il profilo giuridico<\/em>\u201d.<\/p>\n<p style=\"text-align: justify\">Poi una frecciata a Bramanti: <em>\u201cLui parla di insulti da parte mia, cosa che non mi appartiene. Ho sollevato un problema sulla legittimit\u00e0 degli atti, da parte sua non \u00e8 arrivata alcuna risposta evidentemente gli fa comodo spacciare i miei interventi come offese pur di non rispondermi\u201d<\/em>. Sul suo futuro, ormai segnato, in Forza Italia, Trischitta \u00e8 lapidario:<em> \u201cAvr\u00f2 un confronto col commissario Miccich\u00e8, ho ricevuto telefonate da Roma ma mi sembra evidente che il mio percorso in Forza Italia \u00e8 concluso. I colleghi, Crif\u00f2 e Parisi insistono affinch\u00e8 io continui ad essere il capogruppo fino alla fine della consiliatura\u201d.<\/em><\/p>\n","protected":false},"excerpt":{"rendered":"<p>Il dubbio \u00e8 sorto qualche giorno fa in conferenza stampa, ma adesso \u00e8 stato amplificato dall\u2019ufficiale discesa in campo di Dino Bramanti come candidato alla carica di primo cittadino. Pippo Trischitta avanza parecchi dubbi circa l\u2019eleggibilit\u00e0 dello stesso Bramanti, con cui ha intrapreso un vero e proprio duello rusticano: \u00e8 iniziata la campagna elettorale. Lo [&hellip;]<\/p>\n","protected":false},"author":14,"featured_media":17298,"comment_status":"closed","ping_status":"open","sticky":false,"template":"","format":"standard","meta":{"ub_ctt_via":"","_mi_skip_tracking":false},"categories":[6],"tags":[],"featured_image_src":"https:\/\/www.messinaoggi.it\/website\/wp-content\/uploads\/2018\/03\/conf-stampa-trischittaRRP_6805-1.jpg","author_info":{"display_name":"Antonio Macauda","author_link":"https:\/\/www.messinaoggi.it\/website\/author\/a-macauda\/"},"digistream_id":0,"digistream":false,"_links":{"self":[{"href":"https:\/\/www.messinaoggi.it\/website\/wp-json\/wp\/v2\/posts\/17434"}],"collection":[{"href":"https:\/\/www.messinaoggi.it\/website\/wp-json\/wp\/v2\/posts"}],"about":[{"href":"https:\/\/www.messinaoggi.it\/website\/wp-json\/wp\/v2\/types\/post"}],"author":[{"embeddable":true,"href":"https:\/\/www.messinaoggi.it\/website\/wp-json\/wp\/v2\/users\/14"}],"replies":[{"embeddable":true,"href":"https:\/\/www.messinaoggi.it\/website\/wp-json\/wp\/v2\/comments?post=17434"}],"version-history":[{"count":0,"href":"https:\/\/www.messinaoggi.it\/website\/wp-json\/wp\/v2\/posts\/17434\/revisions"}],"wp:featuredmedia":[{"embeddable":true,"href":"https:\/\/www.messinaoggi.it\/website\/wp-json\/wp\/v2\/media\/17298"}],"wp:attachment":[{"href":"https:\/\/www.messinaoggi.it\/website\/wp-json\/wp\/v2\/media?parent=17434"}],"wp:term":[{"taxonomy":"category","embeddable":true,"href":"https:\/\/www.messinaoggi.it\/website\/wp-json\/wp\/v2\/categories?post=17434"},{"taxonomy":"post_tag","embeddable":true,"href":"https:\/\/www.messinaoggi.it\/website\/wp-json\/wp\/v2\/tags?post=17434"}],"curies":[{"name":"wp","href":"https:\/\/api.w.org\/{rel}","templated":true}]}}