{"id":174330,"date":"2023-10-26T10:26:44","date_gmt":"2023-10-26T08:26:44","guid":{"rendered":"http:\/\/www.messinaoggi.it\/website\/?p=174330"},"modified":"2023-10-26T10:26:45","modified_gmt":"2023-10-26T08:26:45","slug":"crisi-duferco-giammoro-de-luca-m5s-fa-incontrare-tamajo-e-cgil","status":"publish","type":"post","link":"https:\/\/www.messinaoggi.it\/website\/2023\/10\/26\/crisi-duferco-giammoro-de-luca-m5s-fa-incontrare-tamajo-e-cgil\/","title":{"rendered":"Crisi Duferco Giammoro, De Luca (M5S) fa incontrare Tamajo e Cgil"},"content":{"rendered":"\n<p>Il deputato <strong>Antonio De Luca<\/strong>, capogruppo all\u2019ARS del MoVimento 5 Stelle, ha promosso l\u2019incontro che si \u00e8 svolto ieri a Palermo nella sede dell\u2019Assessorato alle Attivit\u00e0 Produttive, fra l\u2019Assessore <strong>Edy Tamajo<\/strong> e i rappresentanti della Fiom Cgil Sicilia e della Fiom Cgil Messina Francesco Foti e <strong>Daniele David<\/strong> e <strong>Giovanni Costantino<\/strong>, Rsu, per discutere sulle sorti dell\u2019acciaieria Duferco di Giammoro. L\u2019impianto, infatti, sta vivendo da diversi anni una profonda crisi che sta determinando il trasferimento al nord di numerosi operai.<div id=\"div-gpt-ad-Messinaoggi.it-DSK-300x250-corpoart\" style=\"text-align:center;margin:0 auto;\"><\/div><\/p>\n\n\n\n<p>\u201cE\u2019 di fondamentale importanza accendere i riflettori su quanto sta accadendo alla Duferco, coinvolgendo in prima linea le Istituzioni regionali. Il nostro territorio &#8211; dichiara Antonio De Luca &#8211; non pu\u00f2 rischiare di subire le conseguenze di questa grave crisi e sono del tutto legittime le richieste degli esponenti sindacali a voler impegnare l\u2019azienda a presentare un piano industriale che preveda nuovi ed adeguati investimenti\u201d.<div id=\"videoincontent\" style=\"clear:both\";><\/div><\/p>\n\n\n\n<p>\u201cRitengo positivo e doveroso l\u2019impegno assunto dall\u2019Assessore Tamajo a convocare un tavolo con l\u2019azienda e i sindacati, coinvolgendo anche l\u2019Assessore Regionale al Lavoro, per chiarire quali sono i piani industriali per fare uscire questo impianto dalla cassa integrazione e dare una prospettiva produttiva a un sito cos\u00ec importante. Basti pensare che lo stabilimento della Duferco di Giammoro, ha una potenzialit\u00e0 di produzione di 400 mila tonnellate di acciaio e oggi \u00e8 ai minimi termini\u201d, conclude il deputato messinese.<\/p>\n","protected":false},"excerpt":{"rendered":"<p>Il deputato Antonio De Luca, capogruppo all\u2019ARS del MoVimento 5 Stelle, ha promosso l\u2019incontro che si \u00e8 svolto ieri a Palermo nella sede dell\u2019Assessorato alle Attivit\u00e0 Produttive, fra l\u2019Assessore Edy Tamajo e i rappresentanti della Fiom Cgil Sicilia e della Fiom Cgil Messina Francesco Foti e Daniele David e Giovanni Costantino, Rsu, per discutere sulle [&hellip;]<\/p>\n","protected":false},"author":15,"featured_media":174332,"comment_status":"open","ping_status":"open","sticky":false,"template":"","format":"standard","meta":{"ub_ctt_via":"","_mi_skip_tracking":false},"categories":[6],"tags":[1113,2002,8270,6506,1063,8269],"featured_image_src":"https:\/\/www.messinaoggi.it\/website\/wp-content\/uploads\/2023\/10\/0.jpeg","author_info":{"display_name":"red.me","author_link":"https:\/\/www.messinaoggi.it\/website\/author\/red-me\/"},"digistream_id":0,"digistream":false,"_links":{"self":[{"href":"https:\/\/www.messinaoggi.it\/website\/wp-json\/wp\/v2\/posts\/174330"}],"collection":[{"href":"https:\/\/www.messinaoggi.it\/website\/wp-json\/wp\/v2\/posts"}],"about":[{"href":"https:\/\/www.messinaoggi.it\/website\/wp-json\/wp\/v2\/types\/post"}],"author":[{"embeddable":true,"href":"https:\/\/www.messinaoggi.it\/website\/wp-json\/wp\/v2\/users\/15"}],"replies":[{"embeddable":true,"href":"https:\/\/www.messinaoggi.it\/website\/wp-json\/wp\/v2\/comments?post=174330"}],"version-history":[{"count":1,"href":"https:\/\/www.messinaoggi.it\/website\/wp-json\/wp\/v2\/posts\/174330\/revisions"}],"predecessor-version":[{"id":174331,"href":"https:\/\/www.messinaoggi.it\/website\/wp-json\/wp\/v2\/posts\/174330\/revisions\/174331"}],"wp:featuredmedia":[{"embeddable":true,"href":"https:\/\/www.messinaoggi.it\/website\/wp-json\/wp\/v2\/media\/174332"}],"wp:attachment":[{"href":"https:\/\/www.messinaoggi.it\/website\/wp-json\/wp\/v2\/media?parent=174330"}],"wp:term":[{"taxonomy":"category","embeddable":true,"href":"https:\/\/www.messinaoggi.it\/website\/wp-json\/wp\/v2\/categories?post=174330"},{"taxonomy":"post_tag","embeddable":true,"href":"https:\/\/www.messinaoggi.it\/website\/wp-json\/wp\/v2\/tags?post=174330"}],"curies":[{"name":"wp","href":"https:\/\/api.w.org\/{rel}","templated":true}]}}