{"id":174305,"date":"2023-10-25T20:08:02","date_gmt":"2023-10-25T18:08:02","guid":{"rendered":"https:\/\/www.messinaoggi.it\/website\/2023\/10\/25\/messina-da-intesa-sanpaolo-piano-da-15-mld-contro-le-disuguaglianze\/"},"modified":"2023-10-25T20:08:02","modified_gmt":"2023-10-25T18:08:02","slug":"messina-da-intesa-sanpaolo-piano-da-15-mld-contro-le-disuguaglianze","status":"publish","type":"post","link":"https:\/\/www.messinaoggi.it\/website\/2023\/10\/25\/messina-da-intesa-sanpaolo-piano-da-15-mld-contro-le-disuguaglianze\/","title":{"rendered":"Messina \u201cDa Intesa Sanpaolo piano da 1,5 mld contro le disuguaglianze\u201d"},"content":{"rendered":"<div>ROMA (ITALPRESS) &#8211; &#8220;Oggi ho potuto esporre al Consiglio di Amministrazione della Banca il nostro programma a contrasto delle disuguaglianze e a favore dell&#8217;inclusione finanziaria educativa e sociale, un programma di 1,5 miliardi di euro negli anni tra il 2023 e il 2027 considerando gli importi destinati alle iniziative e quelli relativi ai costi delle strutture a supporto delle iniziative stesse. Intesa Sanpaolo \u00e8 una delle banche pi\u00f9 solide a livello europeo: \u00e8 la forza del nostro bilancio, unita alla sensibilit\u00e0 di Intesa Sanpaolo e delle sue persone nei confronti delle comunit\u00e0 in cui opera, a permettere la realizzazione del principale programma per il sociale promosso nel Paese da un soggetto privato&#8221;. Lo ha annunciato Carlo Messina ceo di Intesa Sanpaolo. &#8220;La nostra attenzione, la nostra sensibilit\u00e0 nei confronti della comunit\u00e0 non nascono oggi; sono parte essenziale delle radici del nostro gruppo. Nell&#8217;ultimo decennio abbiamo articolato in maniera sempre pi\u00f9 ampia il nostro programma a favore dell&#8217;inclusione finanziaria, educativa e sociale; in particolare tra il 2018 e il 2022 il programma ha raggiunto una dimensione pari a 1 miliardo di euro. Del forte aumento delle disuguaglianze nel paese e del nostro programma parleremo domani, nel corso nella giornata organizzata a Brescia, la citt\u00e0 dove trover\u00e0 sede la nostra nuova unit\u00e0 organizzativa &#8220;Intesa Sanpaolo per il Sociale&#8221;.<div id=\"div-gpt-ad-Messinaoggi.it-DSK-300x250-corpoart\" style=\"text-align:center;margin:0 auto;\"><\/div><\/p>\n<p> &#8211; Foto: Agenzia Fotogramma &#8211;<br \/>(ITALPRESS).<\/div>\n<div id=\"videoincontent\" style=\"clear:both\";><\/div>","protected":false},"excerpt":{"rendered":"<p>ROMA (ITALPRESS) &#8211; &#8220;Oggi ho potuto esporre al Consiglio di Amministrazione della Banca il nostro programma a contrasto delle disuguaglianze e a favore dell&#8217;inclusione finanziaria educativa e sociale, un programma di 1,5 miliardi di euro negli anni tra il 2023 e il 2027 considerando gli importi destinati alle iniziative e quelli relativi ai costi delle [&hellip;]<\/p>\n","protected":false},"author":18,"featured_media":174306,"comment_status":"closed","ping_status":"closed","sticky":false,"template":"","format":"standard","meta":{"ub_ctt_via":"","_mi_skip_tracking":false},"categories":[446],"tags":[783],"featured_image_src":"https:\/\/www.messinaoggi.it\/website\/wp-content\/uploads\/2023\/10\/20231025_2122.jpg","author_info":{"display_name":"Admin","author_link":"https:\/\/www.messinaoggi.it\/website\/author\/admin\/"},"digistream_id":0,"digistream":false,"_links":{"self":[{"href":"https:\/\/www.messinaoggi.it\/website\/wp-json\/wp\/v2\/posts\/174305"}],"collection":[{"href":"https:\/\/www.messinaoggi.it\/website\/wp-json\/wp\/v2\/posts"}],"about":[{"href":"https:\/\/www.messinaoggi.it\/website\/wp-json\/wp\/v2\/types\/post"}],"author":[{"embeddable":true,"href":"https:\/\/www.messinaoggi.it\/website\/wp-json\/wp\/v2\/users\/18"}],"replies":[{"embeddable":true,"href":"https:\/\/www.messinaoggi.it\/website\/wp-json\/wp\/v2\/comments?post=174305"}],"version-history":[{"count":0,"href":"https:\/\/www.messinaoggi.it\/website\/wp-json\/wp\/v2\/posts\/174305\/revisions"}],"wp:featuredmedia":[{"embeddable":true,"href":"https:\/\/www.messinaoggi.it\/website\/wp-json\/wp\/v2\/media\/174306"}],"wp:attachment":[{"href":"https:\/\/www.messinaoggi.it\/website\/wp-json\/wp\/v2\/media?parent=174305"}],"wp:term":[{"taxonomy":"category","embeddable":true,"href":"https:\/\/www.messinaoggi.it\/website\/wp-json\/wp\/v2\/categories?post=174305"},{"taxonomy":"post_tag","embeddable":true,"href":"https:\/\/www.messinaoggi.it\/website\/wp-json\/wp\/v2\/tags?post=174305"}],"curies":[{"name":"wp","href":"https:\/\/api.w.org\/{rel}","templated":true}]}}