{"id":174261,"date":"2023-10-25T18:08:03","date_gmt":"2023-10-25T16:08:03","guid":{"rendered":"https:\/\/www.messinaoggi.it\/website\/2023\/10\/25\/tajani-la-protezione-degli-italiani-a-gaza-e-una-priorita\/"},"modified":"2023-10-25T18:08:03","modified_gmt":"2023-10-25T16:08:03","slug":"tajani-la-protezione-degli-italiani-a-gaza-e-una-priorita","status":"publish","type":"post","link":"https:\/\/www.messinaoggi.it\/website\/2023\/10\/25\/tajani-la-protezione-degli-italiani-a-gaza-e-una-priorita\/","title":{"rendered":"Tajani \u201cLa protezione degli italiani a Gaza \u00e8 una priorit\u00e0\u201d"},"content":{"rendered":"<div>ROMA (ITALPRESS) &#8211; &#8220;La protezione dei cittadini italiani a Gaza \u00e8 una nostra priorit\u00e0. Nella Striscia sono presenti 14 connazionali, di cui 7 con passaporto italiano e 7 con doppio passaporto italiano e palestinese. Con loro ci sono anche cinque familiari palestinesi che fanno parte del gruppo per il quale stiamo lavorando&#8221;. Lo ha detto il vicepremier e ministro degli Esteri, Antonio Tajani, nel question time alla Camera. &#8220;Siamo in costante contatto con loro&#8221; e &#8220;lavoriamo per farli uscire da Gaza non appena se ne presenter\u00e0 la possibilit\u00e0: la nostra ambasciata al Cairo sar\u00e0 pronta ad accoglierli dall&#8217;altra parte del valico di Rafah&#8221;.<div id=\"div-gpt-ad-Messinaoggi.it-DSK-300x250-corpoart\" style=\"text-align:center;margin:0 auto;\"><\/div><\/p>\n<p>&#8211; Foto: Agenzia Fotogramma &#8211;<div id=\"videoincontent\" style=\"clear:both\";><\/div><\/p>\n<p>(ITALPRESS).<\/p><\/div>\n","protected":false},"excerpt":{"rendered":"<p>ROMA (ITALPRESS) &#8211; &#8220;La protezione dei cittadini italiani a Gaza \u00e8 una nostra priorit\u00e0. Nella Striscia sono presenti 14 connazionali, di cui 7 con passaporto italiano e 7 con doppio passaporto italiano e palestinese. Con loro ci sono anche cinque familiari palestinesi che fanno parte del gruppo per il quale stiamo lavorando&#8221;. Lo ha detto [&hellip;]<\/p>\n","protected":false},"author":18,"featured_media":174262,"comment_status":"closed","ping_status":"closed","sticky":false,"template":"","format":"standard","meta":{"ub_ctt_via":"","_mi_skip_tracking":false},"categories":[446],"tags":[783],"featured_image_src":"https:\/\/www.messinaoggi.it\/website\/wp-content\/uploads\/2023\/10\/20231025_1857.jpg","author_info":{"display_name":"Admin","author_link":"https:\/\/www.messinaoggi.it\/website\/author\/admin\/"},"digistream_id":0,"digistream":false,"_links":{"self":[{"href":"https:\/\/www.messinaoggi.it\/website\/wp-json\/wp\/v2\/posts\/174261"}],"collection":[{"href":"https:\/\/www.messinaoggi.it\/website\/wp-json\/wp\/v2\/posts"}],"about":[{"href":"https:\/\/www.messinaoggi.it\/website\/wp-json\/wp\/v2\/types\/post"}],"author":[{"embeddable":true,"href":"https:\/\/www.messinaoggi.it\/website\/wp-json\/wp\/v2\/users\/18"}],"replies":[{"embeddable":true,"href":"https:\/\/www.messinaoggi.it\/website\/wp-json\/wp\/v2\/comments?post=174261"}],"version-history":[{"count":0,"href":"https:\/\/www.messinaoggi.it\/website\/wp-json\/wp\/v2\/posts\/174261\/revisions"}],"wp:featuredmedia":[{"embeddable":true,"href":"https:\/\/www.messinaoggi.it\/website\/wp-json\/wp\/v2\/media\/174262"}],"wp:attachment":[{"href":"https:\/\/www.messinaoggi.it\/website\/wp-json\/wp\/v2\/media?parent=174261"}],"wp:term":[{"taxonomy":"category","embeddable":true,"href":"https:\/\/www.messinaoggi.it\/website\/wp-json\/wp\/v2\/categories?post=174261"},{"taxonomy":"post_tag","embeddable":true,"href":"https:\/\/www.messinaoggi.it\/website\/wp-json\/wp\/v2\/tags?post=174261"}],"curies":[{"name":"wp","href":"https:\/\/api.w.org\/{rel}","templated":true}]}}