{"id":174257,"date":"2023-10-25T17:07:59","date_gmt":"2023-10-25T15:07:59","guid":{"rendered":"https:\/\/www.messinaoggi.it\/website\/2023\/10\/25\/scossa-di-terremoto-di-magnitudo-4-2-in-provincia-di-rovigo\/"},"modified":"2023-10-25T17:07:59","modified_gmt":"2023-10-25T15:07:59","slug":"scossa-di-terremoto-di-magnitudo-4-2-in-provincia-di-rovigo","status":"publish","type":"post","link":"https:\/\/www.messinaoggi.it\/website\/2023\/10\/25\/scossa-di-terremoto-di-magnitudo-4-2-in-provincia-di-rovigo\/","title":{"rendered":"Scossa di terremoto di magnitudo 4.2 in provincia di Rovigo"},"content":{"rendered":"<div>ROMA (ITALPRESS) &#8211; Un terremoto di magnitudo ML 4.2 \u00e8 avvenuto in provincia di Rovigo, a ad un km ad est di Ceneselli ad una profondit\u00e0 di 8 km. Il terremoto \u00e8 stato localizzato dalla Sala Sismica INGV di Roma. La scossa \u00e8 stata avvertita anche in altre citt\u00e0 del Veneto e in Emilia Romagna.<div id=\"div-gpt-ad-Messinaoggi.it-DSK-300x250-corpoart\" style=\"text-align:center;margin:0 auto;\"><\/div><\/p>\n<p>Foto: Agenzia Fotogramma<div id=\"videoincontent\" style=\"clear:both\";><\/div><\/p>\n<p>(ITALPRESS).<\/p><\/div>\n","protected":false},"excerpt":{"rendered":"<p>ROMA (ITALPRESS) &#8211; Un terremoto di magnitudo ML 4.2 \u00e8 avvenuto in provincia di Rovigo, a ad un km ad est di Ceneselli ad una profondit\u00e0 di 8 km. Il terremoto \u00e8 stato localizzato dalla Sala Sismica INGV di Roma. La scossa \u00e8 stata avvertita anche in altre citt\u00e0 del Veneto e in Emilia Romagna. [&hellip;]<\/p>\n","protected":false},"author":18,"featured_media":174258,"comment_status":"closed","ping_status":"closed","sticky":false,"template":"","format":"standard","meta":{"ub_ctt_via":"","_mi_skip_tracking":false},"categories":[446],"tags":[783],"featured_image_src":"https:\/\/www.messinaoggi.it\/website\/wp-content\/uploads\/2023\/10\/20231025_1637.jpg","author_info":{"display_name":"Admin","author_link":"https:\/\/www.messinaoggi.it\/website\/author\/admin\/"},"digistream_id":0,"digistream":false,"_links":{"self":[{"href":"https:\/\/www.messinaoggi.it\/website\/wp-json\/wp\/v2\/posts\/174257"}],"collection":[{"href":"https:\/\/www.messinaoggi.it\/website\/wp-json\/wp\/v2\/posts"}],"about":[{"href":"https:\/\/www.messinaoggi.it\/website\/wp-json\/wp\/v2\/types\/post"}],"author":[{"embeddable":true,"href":"https:\/\/www.messinaoggi.it\/website\/wp-json\/wp\/v2\/users\/18"}],"replies":[{"embeddable":true,"href":"https:\/\/www.messinaoggi.it\/website\/wp-json\/wp\/v2\/comments?post=174257"}],"version-history":[{"count":0,"href":"https:\/\/www.messinaoggi.it\/website\/wp-json\/wp\/v2\/posts\/174257\/revisions"}],"wp:featuredmedia":[{"embeddable":true,"href":"https:\/\/www.messinaoggi.it\/website\/wp-json\/wp\/v2\/media\/174258"}],"wp:attachment":[{"href":"https:\/\/www.messinaoggi.it\/website\/wp-json\/wp\/v2\/media?parent=174257"}],"wp:term":[{"taxonomy":"category","embeddable":true,"href":"https:\/\/www.messinaoggi.it\/website\/wp-json\/wp\/v2\/categories?post=174257"},{"taxonomy":"post_tag","embeddable":true,"href":"https:\/\/www.messinaoggi.it\/website\/wp-json\/wp\/v2\/tags?post=174257"}],"curies":[{"name":"wp","href":"https:\/\/api.w.org\/{rel}","templated":true}]}}