{"id":17423,"date":"2018-03-26T11:37:20","date_gmt":"2018-03-26T09:37:20","guid":{"rendered":"http:\/\/www.messinaoggi.it\/website\/?p=17423"},"modified":"2018-03-26T11:37:20","modified_gmt":"2018-03-26T09:37:20","slug":"authority-mercoledi-verra-siglato-protocollo-dintesa-tra-le-tre-realta-portuali-siciliane","status":"publish","type":"post","link":"https:\/\/www.messinaoggi.it\/website\/2018\/03\/26\/authority-mercoledi-verra-siglato-protocollo-dintesa-tra-le-tre-realta-portuali-siciliane\/","title":{"rendered":"Authority, mercoled\u00ec protocollo d&#039;intesa fra le tre realt\u00e0 portuali siciliane"},"content":{"rendered":"<p align=\"JUSTIFY\">\u201c<span style=\"font-family: Arial, sans-serif;\">Onorare la citt\u00e0 di Messina scegliendo proprio la sede della sua Autorit\u00e0 per la sottoscrizione di un importante protocollo d\u2019intesa tra le tre principali realt\u00e0 portuali siciliane\u201d. \u00c8 quanto si pu\u00f2 leggere in una nota dell&#8217;Authority portuale messinese, annunciando cos\u00ec l&#8217;imminente sottoscrizione del protocollo d&#8217;intesa che si terr\u00e0 questo mercoled\u00ec alle 11. Durante l&#8217;incontro i<\/span><span style=\"font-family: Arial, sans-serif;\">l Commissario straordinario Antonino De Simone ospiter\u00e0 i Presidenti delle Autorit\u00e0 di Sistema portuale del Mare di Sicilia orientale e del Mare di Sicilia occidentale, rispettivamente Andrea Annunziata e Pasqualino Monti. <\/span><div id=\"div-gpt-ad-Messinaoggi.it-DSK-300x250-corpoart\" style=\"text-align:center;margin:0 auto;\"><\/div><\/p>\n<p align=\"JUSTIFY\"><span style=\"font-family: Arial, sans-serif;\">La firma del protocollo, che si pone l&#8217;obiettivo di una pi\u00f9 proficua e costante collaborazione tra i tre porti, ha innanzitutto lo scopo di agevolare lo scambio di buone prassi e la tutela dell\u2019interesse specifico della portualit\u00e0 siciliana in generale, ovvero, la necessit\u00e0 di stare insieme e di lavorare sinergicamente con una \u201cstrategia comune\u201d finalizzata allo sviluppo dei traffici marittimi, unitamente alla valorizzazione delle ZES e allo sfruttamento delle opportunit\u00e0 offerte dalla Comunit\u00e0 europea.<\/span><div id=\"videoincontent\" style=\"clear:both\";><\/div><\/p>\n","protected":false},"excerpt":{"rendered":"<p>\u201cOnorare la citt\u00e0 di Messina scegliendo proprio la sede della sua Autorit\u00e0 per la sottoscrizione di un importante protocollo d\u2019intesa tra le tre principali realt\u00e0 portuali siciliane\u201d. \u00c8 quanto si pu\u00f2 leggere in una nota dell&#8217;Authority portuale messinese, annunciando cos\u00ec l&#8217;imminente sottoscrizione del protocollo d&#8217;intesa che si terr\u00e0 questo mercoled\u00ec alle 11. Durante l&#8217;incontro il [&hellip;]<\/p>\n","protected":false},"author":8,"featured_media":2316,"comment_status":"closed","ping_status":"open","sticky":false,"template":"","format":"standard","meta":{"ub_ctt_via":"","_mi_skip_tracking":false},"categories":[5],"tags":[],"featured_image_src":"https:\/\/www.messinaoggi.it\/website\/wp-content\/uploads\/2017\/06\/porto-messina-2-2.jpg","author_info":{"display_name":"red..me","author_link":"https:\/\/www.messinaoggi.it\/website\/author\/redstage\/"},"digistream_id":0,"digistream":false,"_links":{"self":[{"href":"https:\/\/www.messinaoggi.it\/website\/wp-json\/wp\/v2\/posts\/17423"}],"collection":[{"href":"https:\/\/www.messinaoggi.it\/website\/wp-json\/wp\/v2\/posts"}],"about":[{"href":"https:\/\/www.messinaoggi.it\/website\/wp-json\/wp\/v2\/types\/post"}],"author":[{"embeddable":true,"href":"https:\/\/www.messinaoggi.it\/website\/wp-json\/wp\/v2\/users\/8"}],"replies":[{"embeddable":true,"href":"https:\/\/www.messinaoggi.it\/website\/wp-json\/wp\/v2\/comments?post=17423"}],"version-history":[{"count":0,"href":"https:\/\/www.messinaoggi.it\/website\/wp-json\/wp\/v2\/posts\/17423\/revisions"}],"wp:featuredmedia":[{"embeddable":true,"href":"https:\/\/www.messinaoggi.it\/website\/wp-json\/wp\/v2\/media\/2316"}],"wp:attachment":[{"href":"https:\/\/www.messinaoggi.it\/website\/wp-json\/wp\/v2\/media?parent=17423"}],"wp:term":[{"taxonomy":"category","embeddable":true,"href":"https:\/\/www.messinaoggi.it\/website\/wp-json\/wp\/v2\/categories?post=17423"},{"taxonomy":"post_tag","embeddable":true,"href":"https:\/\/www.messinaoggi.it\/website\/wp-json\/wp\/v2\/tags?post=17423"}],"curies":[{"name":"wp","href":"https:\/\/api.w.org\/{rel}","templated":true}]}}