{"id":17416,"date":"2018-03-26T10:00:40","date_gmt":"2018-03-26T08:00:40","guid":{"rendered":"http:\/\/www.messinaoggi.it\/website\/?p=17416"},"modified":"2018-03-26T10:00:40","modified_gmt":"2018-03-26T08:00:40","slug":"zuccarello-crisi-edicole-occorre-abbassare-la-tassa-sul-suolo-pubblico","status":"publish","type":"post","link":"https:\/\/www.messinaoggi.it\/website\/2018\/03\/26\/zuccarello-crisi-edicole-occorre-abbassare-la-tassa-sul-suolo-pubblico\/","title":{"rendered":"Zuccarello: &quot;Crisi edicole, occorre abbassare la tassa sul suolo pubblico&quot;"},"content":{"rendered":"<div class=\"view view-articolo-approfondimenti view-id-articolo_approfondimenti view-display-id-panel_pane_1 view-dom-id-5d8459dab2ffa446c2c62d5d69073fa3\">\n<div class=\"view-content\">\n<div class=\"approfondimenti first last odd\">\n<div>\n<div class=\"ref three\">&#8220;Il settore imprenditoriale della vendita dei giornali sta vivendo un grande momento di crisi, e l\u2019attuale rete di vendita \u00e8 praticamente al collasso. Una settantina di\u00a0imprenditori titolari di edicole a Messina rischiano di perdere il loro posto di lavoro e oggi non possiamo permetterci che nessun imprenditore chiuda la saracinesca, a causa di regolamenti obsoleti e una pressione fiscale iniqua per una citt\u00e0 in crisi economica come Messina.<\/div>\n<div><\/div>\n<div class=\"ref three\">La tassa di occupazione di suolo pubblico nella nostra citt\u00e0 \u00e8 la pi\u00f9 alta d\u2019Italia, ma ormai ci siamo anche stancati di ripeterlo&#8221;: Sos del consigliere comunale Daniele Zuccarello che da tre settimane porta la questione in X commissione per mettere in luce le problematiche degli edicolanti della nostra citt\u00e0, insieme a Giovanni Caruso della Uiltucs, Giuseppe Catalano della Sinaggi\u00a0 ed Antonino Vazzana\u00a0 per la Cisl, senza per\u00f2 aver avuto fino ad oggi la possibilit\u00e0 di un confronto con l\u2019amministrazione comunale. Erano presenti oltre alle sigle sindacali, i\u00a0rappresentanti\u00a0 provenienti da tutta la Sicilia, e l\u2019unica assente \u00e8 stata l\u2019amministrazione.<\/div>\n<div><\/div>\n<div class=\"ref three\">&#8220;A questo punto ho deciso di farmi portavoce delle istanze di questi imprenditori, chiedendo all\u2019amministrazione di attivarsi immediatamente per la riduzione anche se temporanea della tassa di occupazione di suolo pubblico per gli edicolanti cos\u00ec come \u00e8 stato fatto per i pubblici esercizi. L\u2019edicolante non pu\u00f2 variare il prezzo dei prodotti editoriali messi in vendita, in quanto tale prezzo \u00e8 stabilito dall\u2019editore e non pu\u00f2 subire variazioni, pertanto da anni stanno subendo una vessazione continua con una riduzione notevole dei propri redditi personali. \u00c8 necessario anche un censimento serio delle edicole presenti nel nostro territorio, trovando anche le soluzioni alternative per le edicole site sui marciapiedi con uno spazio ridotto, permettendo il passaggio pedonale eventualmente e disabili,\u00a0 negli stalli blu fronte l\u2019edicola stessa. \u00a0Il settore \u00e8 stato colpito duramente dalla recessione e dalla crisi della \u201ccarta stampata\u201d e della informazione tradizionale che ha prodotto un vorticoso calo delle vendite oltre il 50 % negli ultimi 8 anni&#8221;.<\/div>\n<\/div>\n<\/div>\n<\/div>\n<\/div>\n<div class=\"field field-name-field-fulltext field-type-text-long field-label-hidden\">\n<div class=\"field-items\">\n<div class=\"field-item odd\">\nPer Zuccarello \u00e8 necessaria anche una programmazione futura per un mutamento di questa attivit\u00e0, le varie edicole possono diventare strumento anche delle amministrazioni comunali, punti di servizio\u00a0 e di informazione, cambiando cos\u00ec il loro format tradizionale, per il mantenimento di queste attivit\u00e0 imprenditoriali e posti di lavoro: \u00abNon possiamo permetterci di far abbassare nessuna saracinesca&#8221;.\n<\/div>\n<\/div>\n<\/div>\n<div id=\"div-gpt-ad-Messinaoggi.it-DSK-300x250-corpoart\" style=\"text-align:center;margin:0 auto;\"><\/div><\/p><div id=\"videoincontent\" style=\"clear:both\";><\/div>","protected":false},"excerpt":{"rendered":"<p>&#8220;Il settore imprenditoriale della vendita dei giornali sta vivendo un grande momento di crisi, e l\u2019attuale rete di vendita \u00e8 praticamente al collasso. Una settantina di\u00a0imprenditori titolari di edicole a Messina rischiano di perdere il loro posto di lavoro e oggi non possiamo permetterci che nessun imprenditore chiuda la saracinesca, a causa di regolamenti obsoleti [&hellip;]<\/p>\n","protected":false},"author":2,"featured_media":17223,"comment_status":"closed","ping_status":"open","sticky":false,"template":"","format":"standard","meta":{"ub_ctt_via":"","_mi_skip_tracking":false},"categories":[6],"tags":[],"featured_image_src":"https:\/\/www.messinaoggi.it\/website\/wp-content\/uploads\/2018\/03\/lavoratori-casa-serenza-con-zuccarello-in-aula-consiglio-messinaoggiMarcyR-1.jpg","author_info":{"display_name":"Redazione","author_link":"https:\/\/www.messinaoggi.it\/website\/author\/redazione\/"},"digistream_id":0,"digistream":false,"_links":{"self":[{"href":"https:\/\/www.messinaoggi.it\/website\/wp-json\/wp\/v2\/posts\/17416"}],"collection":[{"href":"https:\/\/www.messinaoggi.it\/website\/wp-json\/wp\/v2\/posts"}],"about":[{"href":"https:\/\/www.messinaoggi.it\/website\/wp-json\/wp\/v2\/types\/post"}],"author":[{"embeddable":true,"href":"https:\/\/www.messinaoggi.it\/website\/wp-json\/wp\/v2\/users\/2"}],"replies":[{"embeddable":true,"href":"https:\/\/www.messinaoggi.it\/website\/wp-json\/wp\/v2\/comments?post=17416"}],"version-history":[{"count":0,"href":"https:\/\/www.messinaoggi.it\/website\/wp-json\/wp\/v2\/posts\/17416\/revisions"}],"wp:featuredmedia":[{"embeddable":true,"href":"https:\/\/www.messinaoggi.it\/website\/wp-json\/wp\/v2\/media\/17223"}],"wp:attachment":[{"href":"https:\/\/www.messinaoggi.it\/website\/wp-json\/wp\/v2\/media?parent=17416"}],"wp:term":[{"taxonomy":"category","embeddable":true,"href":"https:\/\/www.messinaoggi.it\/website\/wp-json\/wp\/v2\/categories?post=17416"},{"taxonomy":"post_tag","embeddable":true,"href":"https:\/\/www.messinaoggi.it\/website\/wp-json\/wp\/v2\/tags?post=17416"}],"curies":[{"name":"wp","href":"https:\/\/api.w.org\/{rel}","templated":true}]}}