{"id":17414,"date":"2018-03-26T10:02:52","date_gmt":"2018-03-26T08:02:52","guid":{"rendered":"http:\/\/www.messinaoggi.it\/website\/?p=17414"},"modified":"2018-03-26T10:02:52","modified_gmt":"2018-03-26T08:02:52","slug":"uil-fpl-nessuno-strumentalizzi-gli-stabilizzati-dellirccs","status":"publish","type":"post","link":"https:\/\/www.messinaoggi.it\/website\/2018\/03\/26\/uil-fpl-nessuno-strumentalizzi-gli-stabilizzati-dellirccs\/","title":{"rendered":"Uil-Fpl: &quot;Nessuno strumentalizzi gli stabilizzati dell&#039;Irccs&quot;"},"content":{"rendered":"<p class=\"p1\" style=\"text-align: justify;\"><span class=\"s1\">\u201c<em>Appare davvero singolare che un esponente della politica messinese candidato a sindaco di Messina, per svilire i propri avversari, utilizzi il tema della stabilizzazione dei lavoratori, quale strumento per ottenere vantaggio politico<\/em>\u201d. Lo scrivono in una nota stampa il segretario generale della Uil-Fpl Messina, <strong>Pippo Calapai<\/strong>, e i componenti della segreteria aziendale <strong>Maurizio Celona<\/strong>\u00a0e <strong>Nino Nunnari<\/strong>.<\/span><div id=\"div-gpt-ad-Messinaoggi.it-DSK-300x250-corpoart\" style=\"text-align:center;margin:0 auto;\"><\/div><\/p>\n<p class=\"p1\" style=\"text-align: justify;\"><span class=\"s1\">\u201c<em>La Uil-Fpl di Messina dopo l\u2019approvazione del DLgs 75\/2017 ha inviato a tutti i vertici delle Aziende sanitarie messinesi (ASP, PAPARDO, IRCCS Neurolesi Piemonte) una nota, con la quale invitava gli stessi, ad applicare \u00a0per la stabilizzazione del personale precario, il Dlgs 75, che prevedeva all\u2019art.20 comma1 la stabilizzazione diretta di tutto il personale interessato che aveva maturato i requisiti previsti dalla succitata legge alla data del 31\/12\/2017, a differenza della precedente normativa (DPCM del 6\/03\/2015 e legge finanziaria 208\/2015) che prevedeva un concorso pubblico con riserva dei posti del 50%. L\u2019IRCCS di Messina a differenza delle altre Aziende cittadine, \u00e8 stata la prima ad aver applicato tale norma, anche su forte sollecitazione della nostra organizzazione sindacale.<\/em><\/span><div id=\"videoincontent\" style=\"clear:both\";><\/div><\/p>\n<p class=\"p1\" style=\"text-align: justify;\"><em><span class=\"s1\">Il manager <strong>Angelo Aliqu\u00f2<\/strong> ha mostrato grande senso di vicinanza e di sensibilit\u00e0 nel risolvere i gravi disagi del personale precario interpretando in maniera inequivocabile quanto previsto dal decreto Madia. Posto che non ci interessano gli attacchi al candidato sindaco, oggi Direttore Scientifico dell\u2019IRCCS, ci preoccupano invece quegli attacchi sconsiderati che a nostro avviso potrebbero minare la serenit\u00e0 del personale stabilizzato. Tuttavia, se l\u2019esponente politico in questione ha validi motivi di sospettare che qualche stabilizzazione \u00e8 stata attuata in violazione della legge, che denunci il fatto alle autorit\u00e0 competenti a garanzia della legalit\u00e0&#8221;.<\/span><\/em><\/p>\n<p>Conclude la nota della Uil-Fpl di Messina.<\/p>\n","protected":false},"excerpt":{"rendered":"<p>\u201cAppare davvero singolare che un esponente della politica messinese candidato a sindaco di Messina, per svilire i propri avversari, utilizzi il tema della stabilizzazione dei lavoratori, quale strumento per ottenere vantaggio politico\u201d. Lo scrivono in una nota stampa il segretario generale della Uil-Fpl Messina, Pippo Calapai, e i componenti della segreteria aziendale Maurizio Celona\u00a0e Nino [&hellip;]<\/p>\n","protected":false},"author":2,"featured_media":1775,"comment_status":"closed","ping_status":"open","sticky":false,"template":"","format":"standard","meta":{"ub_ctt_via":"","_mi_skip_tracking":false},"categories":[6],"tags":[],"featured_image_src":"https:\/\/www.messinaoggi.it\/website\/wp-content\/uploads\/2017\/06\/Pippo-Calapai-Uil-Fpl-2.jpg","author_info":{"display_name":"Redazione","author_link":"https:\/\/www.messinaoggi.it\/website\/author\/redazione\/"},"digistream_id":0,"digistream":false,"_links":{"self":[{"href":"https:\/\/www.messinaoggi.it\/website\/wp-json\/wp\/v2\/posts\/17414"}],"collection":[{"href":"https:\/\/www.messinaoggi.it\/website\/wp-json\/wp\/v2\/posts"}],"about":[{"href":"https:\/\/www.messinaoggi.it\/website\/wp-json\/wp\/v2\/types\/post"}],"author":[{"embeddable":true,"href":"https:\/\/www.messinaoggi.it\/website\/wp-json\/wp\/v2\/users\/2"}],"replies":[{"embeddable":true,"href":"https:\/\/www.messinaoggi.it\/website\/wp-json\/wp\/v2\/comments?post=17414"}],"version-history":[{"count":0,"href":"https:\/\/www.messinaoggi.it\/website\/wp-json\/wp\/v2\/posts\/17414\/revisions"}],"wp:featuredmedia":[{"embeddable":true,"href":"https:\/\/www.messinaoggi.it\/website\/wp-json\/wp\/v2\/media\/1775"}],"wp:attachment":[{"href":"https:\/\/www.messinaoggi.it\/website\/wp-json\/wp\/v2\/media?parent=17414"}],"wp:term":[{"taxonomy":"category","embeddable":true,"href":"https:\/\/www.messinaoggi.it\/website\/wp-json\/wp\/v2\/categories?post=17414"},{"taxonomy":"post_tag","embeddable":true,"href":"https:\/\/www.messinaoggi.it\/website\/wp-json\/wp\/v2\/tags?post=17414"}],"curies":[{"name":"wp","href":"https:\/\/api.w.org\/{rel}","templated":true}]}}