{"id":17412,"date":"2018-03-26T07:45:23","date_gmt":"2018-03-26T05:45:23","guid":{"rendered":"http:\/\/www.messinaoggi.it\/website\/?p=17412"},"modified":"2018-03-26T07:45:23","modified_gmt":"2018-03-26T05:45:23","slug":"lutto-nel-mondo-della-televisione-e-morto-fabrizio-frizzi","status":"publish","type":"post","link":"https:\/\/www.messinaoggi.it\/website\/2018\/03\/26\/lutto-nel-mondo-della-televisione-e-morto-fabrizio-frizzi\/","title":{"rendered":"Lutto nel mondo della televisione: \u00e8 morto Fabrizio Frizzi"},"content":{"rendered":"<p>Fabrizio Frizzi \u00e8 morto. A dare l&#8217;annuncio \u00e8 la famiglia del conduttore in una nota. &#8220;Grazie Fabrizio per tutto l&#8217;amore che ci hai donato&#8221;. Cos\u00ec la moglie Carlotta, il fratello Fabio ed i familiari. Frizzi, 60 anni, si \u00e8 spento nella notte all&#8217;ospedale &#8220;Sant&#8217;Andrea&#8221; di Roma, in seguito ad una emorragia cerebrale.\u00a0I?Nell&#8221;ottobre scorso Fabrizio Frizzi venne colto da un malore, una ischemia, durante la registrazione di una puntata del programma &#8220;L&#8217;Eredit\u00e0&#8221;. Venne ricoverato al Policlinico Umberto I di Roma dove fu dimesso alcuni giorni dopo. Il conduttore torn\u00f2 in tv a dicembre, sempre alla guida del programma di RaiUno.<br \/>\n&#8220;L&#8217;Eredit\u00e0 \u00e8 una gioia, fa bene anche al fisico &#8211; scherz\u00f2 con Vincenzo Mollica annunciando il suo ritorno sugli schermi -. L&#8217;adrenalina sento che mi aiuta a stare meglio&#8221;. Lo scorso 5 febbraio ha compiuto 60 anni.\u00a0Parlando della malattia disse: &#8220;Non \u00e8 ancora finita&#8221;. &#8220;Se guarir\u00f2 &#8211; sottoline\u00f2 &#8211; racconter\u00f2 tutto nei dettagli, perch\u00e9 diventer\u00f2 testimone della ricerca&#8221;.<div id=\"div-gpt-ad-Messinaoggi.it-DSK-300x250-corpoart\" style=\"text-align:center;margin:0 auto;\"><\/div><\/p>\n<div id=\"videoincontent\" style=\"clear:both\";><\/div>","protected":false},"excerpt":{"rendered":"<p>Fabrizio Frizzi \u00e8 morto. A dare l&#8217;annuncio \u00e8 la famiglia del conduttore in una nota. &#8220;Grazie Fabrizio per tutto l&#8217;amore che ci hai donato&#8221;. Cos\u00ec la moglie Carlotta, il fratello Fabio ed i familiari. Frizzi, 60 anni, si \u00e8 spento nella notte all&#8217;ospedale &#8220;Sant&#8217;Andrea&#8221; di Roma, in seguito ad una emorragia cerebrale.\u00a0I?Nell&#8221;ottobre scorso Fabrizio Frizzi [&hellip;]<\/p>\n","protected":false},"author":2,"featured_media":17413,"comment_status":"closed","ping_status":"open","sticky":false,"template":"","format":"standard","meta":{"ub_ctt_via":"","_mi_skip_tracking":false},"categories":[17],"tags":[],"featured_image_src":"https:\/\/www.messinaoggi.it\/website\/wp-content\/uploads\/2018\/03\/fabrizio-frizzi-592454.660x368-1.jpg","author_info":{"display_name":"Redazione","author_link":"https:\/\/www.messinaoggi.it\/website\/author\/redazione\/"},"digistream_id":0,"digistream":false,"_links":{"self":[{"href":"https:\/\/www.messinaoggi.it\/website\/wp-json\/wp\/v2\/posts\/17412"}],"collection":[{"href":"https:\/\/www.messinaoggi.it\/website\/wp-json\/wp\/v2\/posts"}],"about":[{"href":"https:\/\/www.messinaoggi.it\/website\/wp-json\/wp\/v2\/types\/post"}],"author":[{"embeddable":true,"href":"https:\/\/www.messinaoggi.it\/website\/wp-json\/wp\/v2\/users\/2"}],"replies":[{"embeddable":true,"href":"https:\/\/www.messinaoggi.it\/website\/wp-json\/wp\/v2\/comments?post=17412"}],"version-history":[{"count":0,"href":"https:\/\/www.messinaoggi.it\/website\/wp-json\/wp\/v2\/posts\/17412\/revisions"}],"wp:featuredmedia":[{"embeddable":true,"href":"https:\/\/www.messinaoggi.it\/website\/wp-json\/wp\/v2\/media\/17413"}],"wp:attachment":[{"href":"https:\/\/www.messinaoggi.it\/website\/wp-json\/wp\/v2\/media?parent=17412"}],"wp:term":[{"taxonomy":"category","embeddable":true,"href":"https:\/\/www.messinaoggi.it\/website\/wp-json\/wp\/v2\/categories?post=17412"},{"taxonomy":"post_tag","embeddable":true,"href":"https:\/\/www.messinaoggi.it\/website\/wp-json\/wp\/v2\/tags?post=17412"}],"curies":[{"name":"wp","href":"https:\/\/api.w.org\/{rel}","templated":true}]}}