{"id":17407,"date":"2018-03-25T21:03:09","date_gmt":"2018-03-25T19:03:09","guid":{"rendered":"http:\/\/www.messinaoggi.it\/website\/?p=17407"},"modified":"2018-03-25T21:03:09","modified_gmt":"2018-03-25T19:03:09","slug":"la-marcia-su-roma-di-fsi-usae-contratto-sanita-in-stand-by-firmata-con-riserva-la-parte-economica","status":"publish","type":"post","link":"https:\/\/www.messinaoggi.it\/website\/2018\/03\/25\/la-marcia-su-roma-di-fsi-usae-contratto-sanita-in-stand-by-firmata-con-riserva-la-parte-economica\/","title":{"rendered":"La marcia su Roma di Fsi Usae: contratto sanit\u00e0 in stand by, firmata con riserva la parte economica"},"content":{"rendered":"<p align=\"justify\">Si \u00e8 svolta in piazza della Madonna del Loreto, a Roma, la manifestazione nazionale\u00a0dei dipendenti pubblici del comparto sanit\u00e0\u00a0per rivendicare il diritto ad un rinnovo dignitoso del contratto, scaduto da nove anni e, in concomitanza, lo sciopero di 2 ore ad ogni inizio turno.<div id=\"div-gpt-ad-Messinaoggi.it-DSK-300x250-corpoart\" style=\"text-align:center;margin:0 auto;\"><\/div><\/p>\n<p align=\"justify\">La\u00a0manifestazione\u00a0\u00e8 stata un\u00a0successo, con una\u00a0piazza piena\u00a0e partecipata, una mobilitazione organizzata da Fsi-Usae, Federazione sindacati indipendenti costituente della confederazione Unione sindacati autonomi europei, convocata nel giorno della prima riunione parlamentare della 18\u00b0 legislatura italiana, in cui sono confluite le delegazioni provenienti da tutte le Regioni, e quelle provenienti dalla Sicilia sono state guidate da Salvatore Ballacchino, Coniglio Calogero, Pier Paolo Di Marco, Salvatore Intravaia e Salvatore Di Natale.<div id=\"videoincontent\" style=\"clear:both\";><\/div><\/p>\n<p align=\"justify\">Fsi-Usae ha rifiutato di sottoscrivere lo scellerato accordo del 30.11.2016 intervenuto tra il ministro Madia e Cgil,\u00a0Cisl, Uil e successivamente dalla Confsal che ha vincolato le risorse economiche poi messe a disposizione da Governo e Parlamento per gli aumenti contrattuali (85 euro medi pro-capite), una cifra certamente insufficiente a garantire stipendi adeguati.<\/p>\n<p align=\"justify\">Riteniamo questa pre-intesa come quella di un contratto ponte, un contratto che giuridicamente durer\u00e0 solo pochi mesi. La Fsi-Usae ha sottoscritto, solo per la parte normativa ma con riserva per quella economica,\u00a0la pre-intesa contrattuale,\u00a0pertanto la questione economica\u00a0e professionale non pu\u00f2 quindi considerarsi chiusa\u00a0e lo sciopero ci stava tutto.<\/p>\n<p align=\"justify\">\u201cPer ridefinire le competenze professionali e i relativi inquadramenti e darvi concretezza sono necessarie delle risorse straordinarie che al momento non ci sono e che noi rivendichiamo con forza\u201d.<\/p>\n<p align=\"justify\">\u201cDignit\u00e0 e fuori i soldi per i lavoratori\u201d, \u201cGoverno offre una misera mancetta da 85 euro\u00a0lorde Vergogna\u201d: sono alcuni degli slogan dei lavoratori che hanno manifestato con striscioni e bandiere. Tra le rivendicazioni sia un dignitoso rinnovo del contratto nazionale dei dipendenti pubblici, sia il dramma della sanit\u00e0 siciliana\u201d.<\/p>\n<p align=\"justify\">\u201cPer il personale sanitario chiediamo un rinnovo che, dopo 9 anni di paralisi totale, per noi significa riconoscimento professionale. Il Governo trovi le risorse per finanziare un contratto dignitoso, altrimenti la nostra lotta non si pu\u00f2 fermare. Il Governo offre un aumento di 85 euro, solo una mancia. Si vergogni\u201d, dichiara Calogero Coniglio, segretario regionale della Sicilia e coordinatore nazionale della Fsi-Usae.<\/p>\n<p align=\"justify\"><img loading=\"lazy\" class=\"alignnone size-medium wp-image-17401\" src=\"http:\/\/www.messinaoggi.it\/website\/wp-content\/uploads\/2018\/03\/fsi-usae-al-centro-calogero-coniglio-296x300.jpg\" sizes=\"(max-width: 296px) 100vw, 296px\" srcset=\"http:\/\/www.messinaoggi.it\/website\/wp-content\/uploads\/2018\/03\/fsi-usae-al-centro-calogero-coniglio-296x300.jpg 296w, http:\/\/www.messinaoggi.it\/website\/wp-content\/uploads\/2018\/03\/fsi-usae-al-centro-calogero-coniglio.jpg 547w\" alt=\"\" width=\"296\" height=\"300\" \/><\/p>\n<p align=\"justify\">\u201cDal 2008 stiamo vivendo un periodo di profonda crisi economica. Una crisi strutturale che \u00e8 stata affrontata in modo inadeguato dalle istituzioni e, riforme dello stato, che sostanzialmente sono state fatte pagare solo ai lavoratori della Pa \u2013 aggiunge Salvatore Ballacchino, segretario territoriale della Fsi-Usae delle province di Agrigento e Caltanissetta \u2013 I Governi hanno distrutto scuola, sanit\u00e0, sicurezza, asili nido, universit\u00e0, servizi pubblici per favorire il privato. I dipendenti pubblici sono 3 milioni di lavoratori, mal pagati, non considerati e con diritti continuamente calpestati\u201d.<\/p>\n<p align=\"justify\"><img loading=\"lazy\" class=\"alignnone size-medium wp-image-17402\" src=\"http:\/\/www.messinaoggi.it\/website\/wp-content\/uploads\/2018\/03\/striscione-Fsi-Usae-300x162.jpg\" sizes=\"(max-width: 300px) 100vw, 300px\" srcset=\"http:\/\/www.messinaoggi.it\/website\/wp-content\/uploads\/2018\/03\/striscione-Fsi-Usae-300x162.jpg 300w, http:\/\/www.messinaoggi.it\/website\/wp-content\/uploads\/2018\/03\/striscione-Fsi-Usae.jpg 747w\" alt=\"\" width=\"300\" height=\"162\" \/><\/p>\n<p align=\"justify\">\u201cL\u2019accordo dello scorso 30 novembre tradisce gli impegni precedentemente assunti anche dagli stessi soggetti con i protocolli del 2009: non prevede alcun aumento per il periodo 2013-2015 e prevede degli aumenti medi pro-capite di 85 euro per il triennio 2016-2018, altro che l\u2019equivalente di una mancetta. Accordo che Fsi-Usae non ha condiviso in quanto i lavoratori della sanit\u00e0 hanno il diritto ad una giusta retribuzione e alla possibilit\u00e0 di recuperare il potere di acquisto delle proprie buste paga\u201d, spiega Pier Paolo Di Marco dirigente sindacale Fsi-Usae della provincia di Enna.<\/p>\n<p align=\"justify\">\u201cCi siamo battuti in questi mesi con tutti i mezzi per un contratto dignitoso, avevamo gi\u00e0 indetto uno sciopero del pubblico impiego il 12 maggio scorso con in contemporanee manifestazioni davanti le Prefetture d\u2019Italia \u2013 conclude Calogero Coniglio \u2013 Non si tratta solo di garantire ai lavoratori della sanit\u00e0 retribuzioni adeguate ed esigibilit\u00e0 dei diritti, ma di erogare e assicurare il diritto dei cittadini di una sanit\u00e0 pubblica efficiente\u201d.<\/p>\n<p align=\"justify\"><strong>Tonino Demana<\/strong><\/p>\n","protected":false},"excerpt":{"rendered":"<p>Si \u00e8 svolta in piazza della Madonna del Loreto, a Roma, la manifestazione nazionale\u00a0dei dipendenti pubblici del comparto sanit\u00e0\u00a0per rivendicare il diritto ad un rinnovo dignitoso del contratto, scaduto da nove anni e, in concomitanza, lo sciopero di 2 ore ad ogni inizio turno. La\u00a0manifestazione\u00a0\u00e8 stata un\u00a0successo, con una\u00a0piazza piena\u00a0e partecipata, una mobilitazione organizzata da [&hellip;]<\/p>\n","protected":false},"author":2,"featured_media":17400,"comment_status":"closed","ping_status":"open","sticky":false,"template":"","format":"standard","meta":{"ub_ctt_via":"","_mi_skip_tracking":false},"categories":[19,11],"tags":[],"featured_image_src":"https:\/\/www.messinaoggi.it\/website\/wp-content\/uploads\/2018\/03\/fsi-usae-manifestazione-a-Roma-1.jpg","author_info":{"display_name":"Redazione","author_link":"https:\/\/www.messinaoggi.it\/website\/author\/redazione\/"},"digistream_id":0,"digistream":false,"_links":{"self":[{"href":"https:\/\/www.messinaoggi.it\/website\/wp-json\/wp\/v2\/posts\/17407"}],"collection":[{"href":"https:\/\/www.messinaoggi.it\/website\/wp-json\/wp\/v2\/posts"}],"about":[{"href":"https:\/\/www.messinaoggi.it\/website\/wp-json\/wp\/v2\/types\/post"}],"author":[{"embeddable":true,"href":"https:\/\/www.messinaoggi.it\/website\/wp-json\/wp\/v2\/users\/2"}],"replies":[{"embeddable":true,"href":"https:\/\/www.messinaoggi.it\/website\/wp-json\/wp\/v2\/comments?post=17407"}],"version-history":[{"count":0,"href":"https:\/\/www.messinaoggi.it\/website\/wp-json\/wp\/v2\/posts\/17407\/revisions"}],"wp:featuredmedia":[{"embeddable":true,"href":"https:\/\/www.messinaoggi.it\/website\/wp-json\/wp\/v2\/media\/17400"}],"wp:attachment":[{"href":"https:\/\/www.messinaoggi.it\/website\/wp-json\/wp\/v2\/media?parent=17407"}],"wp:term":[{"taxonomy":"category","embeddable":true,"href":"https:\/\/www.messinaoggi.it\/website\/wp-json\/wp\/v2\/categories?post=17407"},{"taxonomy":"post_tag","embeddable":true,"href":"https:\/\/www.messinaoggi.it\/website\/wp-json\/wp\/v2\/tags?post=17407"}],"curies":[{"name":"wp","href":"https:\/\/api.w.org\/{rel}","templated":true}]}}