{"id":17373,"date":"2018-03-24T20:54:27","date_gmt":"2018-03-24T19:54:27","guid":{"rendered":"http:\/\/www.messinaoggi.it\/website\/?p=17373"},"modified":"2018-03-24T20:54:27","modified_gmt":"2018-03-24T19:54:27","slug":"fratelli-ditalia-amata-unica-incaricata-a-dialogare-con-gli-alleati-pronte-le-liste-di-protesta","status":"publish","type":"post","link":"https:\/\/www.messinaoggi.it\/website\/2018\/03\/24\/fratelli-ditalia-amata-unica-incaricata-a-dialogare-con-gli-alleati-pronte-le-liste-di-protesta\/","title":{"rendered":"Fratelli d&#039;Italia, Amata unica incaricata a dialogare con gli alleati. Pronte le liste di &quot;protesta&quot;"},"content":{"rendered":"<p style=\"text-align: justify;\">E\u2019 bufera in Fratelli d\u2019Italia. Il cooordinatore regionale Manlio Messina ha dato mandato ad Elvira Amata di trattare e dialogare con gli alleati in vista della scelta del primo cittadino: \u201c<em>Convergere su un nome che rappresenti al meglio la proposta che stiamo costruendo \u00e8 cosa essenziale. Ci\u00f2 richiede una seria e puntuale valutazione circa i pro\ufb01li che si vogliono proporre agli elettori; impone di analizzare bene la situazione e dialogare nella maniera pi\u00f9 chiara e completa con le anime della coalizione certo, ma anche e, consentitemi di dire prima di tutto, con il territorio e i suoi rappresentanti. Fratelli d\u2019Italia lo sta gi\u00e0 facendo: l\u2019Onorevole Elvira Amata sta infatti portando avanti un confronto costante, ormai da settimane, in nome e per conto del partito che rappresenta proprio allo scopo di trovare un\u2019intesa programmatica per giungere alla de\ufb01nizione di un comune candidato che sappia affrontare e risolvere i problemi della citt\u00e0 dello Stretto. Sar\u00e0 pertanto l\u2019Onorevole Amata, in sinergia con gli Onorevoli Catalfamo e Bucalo, a rappresentare la voce di Fratelli d\u2019Italia nella qualit\u00e0 di unica delegata per l\u2019assunzione di responsabilit\u00e0 relativa alle comunali di giugno a Messina, cos\u00ec come deciso in occasione di un incontro tenutosi gioved\u00ec scorso a Roma alla presenza dei vertici di partito, la presidente Meloni in testa\u201d.<\/em><div id=\"div-gpt-ad-Messinaoggi.it-DSK-300x250-corpoart\" style=\"text-align:center;margin:0 auto;\"><\/div><\/p>\n<p style=\"text-align: justify;\">Messina ha poi aggiunto: <em>\u201cQuello del 10 giugno prossimo, \u00e8 uno step al quale la politica ha il dovere di arrivare preparata, proponendo progetti validi e una candidatura che sappia incarnare i valori del centrodestra, scongiurando cos\u00ec il rischio di ripetere un\u2019esperienza amministrativa come quella che sta per concludersi, per il bene di Messina e dei messinesi\u201d.<\/em><div id=\"videoincontent\" style=\"clear:both\";><\/div><\/p>\n<p style=\"text-align: justify;\">A siglare la spaccatura \u00e8 il coordinatore provinciale, Franco Tiano: &#8220;<em>Nella mia qualit\u00e0 di Dirigente provinciale di Fratelli d\u2019Italia \u2013\u00a0continua Tiano \u2013 annuncio la creazione di due liste per le prossime elezioni amministrative. Alla lista \u201cpolitica\u201d, infatti, affiancheremo una lista civica, aperta a tutti quanti in citt\u00e0 vogliano abbracciare i valori che abbiamo sempre sostenuto a testa alta, senza improbabili cambi di casacca&#8221;.<\/em><\/p>\n","protected":false},"excerpt":{"rendered":"<p>E\u2019 bufera in Fratelli d\u2019Italia. Il cooordinatore regionale Manlio Messina ha dato mandato ad Elvira Amata di trattare e dialogare con gli alleati in vista della scelta del primo cittadino: \u201cConvergere su un nome che rappresenti al meglio la proposta che stiamo costruendo \u00e8 cosa essenziale. Ci\u00f2 richiede una seria e puntuale valutazione circa i [&hellip;]<\/p>\n","protected":false},"author":2,"featured_media":1577,"comment_status":"closed","ping_status":"open","sticky":false,"template":"","format":"standard","meta":{"ub_ctt_via":"","_mi_skip_tracking":false},"categories":[6],"tags":[],"featured_image_src":"https:\/\/www.messinaoggi.it\/website\/wp-content\/uploads\/2017\/06\/Amata-Elvira-4.jpg","author_info":{"display_name":"Redazione","author_link":"https:\/\/www.messinaoggi.it\/website\/author\/redazione\/"},"digistream_id":0,"digistream":false,"_links":{"self":[{"href":"https:\/\/www.messinaoggi.it\/website\/wp-json\/wp\/v2\/posts\/17373"}],"collection":[{"href":"https:\/\/www.messinaoggi.it\/website\/wp-json\/wp\/v2\/posts"}],"about":[{"href":"https:\/\/www.messinaoggi.it\/website\/wp-json\/wp\/v2\/types\/post"}],"author":[{"embeddable":true,"href":"https:\/\/www.messinaoggi.it\/website\/wp-json\/wp\/v2\/users\/2"}],"replies":[{"embeddable":true,"href":"https:\/\/www.messinaoggi.it\/website\/wp-json\/wp\/v2\/comments?post=17373"}],"version-history":[{"count":0,"href":"https:\/\/www.messinaoggi.it\/website\/wp-json\/wp\/v2\/posts\/17373\/revisions"}],"wp:featuredmedia":[{"embeddable":true,"href":"https:\/\/www.messinaoggi.it\/website\/wp-json\/wp\/v2\/media\/1577"}],"wp:attachment":[{"href":"https:\/\/www.messinaoggi.it\/website\/wp-json\/wp\/v2\/media?parent=17373"}],"wp:term":[{"taxonomy":"category","embeddable":true,"href":"https:\/\/www.messinaoggi.it\/website\/wp-json\/wp\/v2\/categories?post=17373"},{"taxonomy":"post_tag","embeddable":true,"href":"https:\/\/www.messinaoggi.it\/website\/wp-json\/wp\/v2\/tags?post=17373"}],"curies":[{"name":"wp","href":"https:\/\/api.w.org\/{rel}","templated":true}]}}