{"id":17371,"date":"2018-03-24T15:19:48","date_gmt":"2018-03-24T14:19:48","guid":{"rendered":"http:\/\/www.messinaoggi.it\/website\/?p=17371"},"modified":"2018-03-24T15:19:48","modified_gmt":"2018-03-24T14:19:48","slug":"acr-messina-modica-punge-ligea-dalla-loro-societa-troppa-arroganza-la-storia-e-qui","status":"publish","type":"post","link":"https:\/\/www.messinaoggi.it\/website\/2018\/03\/24\/acr-messina-modica-punge-ligea-dalla-loro-societa-troppa-arroganza-la-storia-e-qui\/","title":{"rendered":"Acr Messina, Modica punge l&#039;Igea: &quot;Dalla loro societ\u00e0 troppa arroganza, la storia \u00e8 qui&quot;"},"content":{"rendered":"<p style=\"text-align: justify;\">Giacomo Modica scalda il derby del &#8220;D\u2019Alcontres&#8221;. L\u2019ex collaboratore di Zeman risponde a muso duro all\u2019ambiente Igeano, ma soprattutto a chi negli ultimi giorni ha paragonato i campionati delle due squadre facendo il classico confronto qualit\u00e0-prezzo. Il tecnico messinese riconosce l\u2019eccellente lavoro svolto da Raffaele e\u00a0 dalla societ\u00e0 guidata dai fratelli Grasso, ma non accetta lezioni: &#8220;<em>Non sono sorpreso dall\u2019<\/em><em>Igea Virtus<\/em><em>, lavorano da molto tempo assieme. Anche se l\u00e0 dentro c\u2019\u00e8 qualcuno che ha la prosopopea di avere inventato il calcio e non parlo certo del tecnico. Sembra che il signore l\u2019abbia toccato sulla testa e messo nelle condizioni di dire \u201cIl calcio siamo noi\u201d. Non si pu\u00f2 permettere di dire che non abbiamo fatto cose belle. Hanno grandi meriti sportivi, da due anni a questa parte. Societ\u00e0 e staff hanno lavorato bene, ma non sono stati certo eleganti, piuttosto hanno peccato di arroganza. Mi hanno disturbato molto, anche perch\u00e9 questa \u00e8 gi\u00e0 una partita particolare\u201d.<\/em><div id=\"div-gpt-ad-Messinaoggi.it-DSK-300x250-corpoart\" style=\"text-align:center;margin:0 auto;\"><\/div><\/p>\n<p style=\"text-align: justify;\">Il Messina, intanto, torner\u00e0 in campo 21 giorni dopo la sconfitta di Vibo che ha azzerato le chance di playoff, serve trovare le motivazioni per finire al meglio la stagione. Ma Modica non vuole cali di tension<em>e: \u201cCi manca il ritmo partita. Abbiamo provato ad allenarci con impegno e seriet\u00e0, compatibilmente con il cattivo tempo. Ci attende la prova della verit\u00e0 con la particolarit\u00e0 del campanilismo. Qui c\u2019\u00e8 grande storia, rispettiamo comunque la loro storia e il loro presente. Questa piazza e questa maglia pesano tanto\u201d.<\/em><div id=\"videoincontent\" style=\"clear:both\";><\/div><\/p>\n<p style=\"text-align: justify;\"><em>Modica quindi lancia un messaggio alla squadra: <\/em>\u201cSono sotto contratto fino a fine giugno, ognuno di noi si gioca una fetta di futuro e l\u2019eventuale riconferma, anche se magari poi andr\u00e0 a divertirsi e guadagnare altrove. Non possiamo mollare in funzione della classifica, non lo accetto, servono rispetto e passione. Chiedo seriet\u00e0 fino al 6 maggio\u201d.<\/p>\n<p style=\"text-align: justify;\"><em>Assente Yeboah, tornato in Africa per assistere il padre gravemente malato: <\/em>\u201cNon potevamo non dargli in permesso di andare a casa da suo padre, sar\u00e0 una perdita importante soprattutto sotto l\u2019aspetto umano. Con il passare del tempo ho scoperto questo piccolo grande uomo, un ragazzo educato e disponibile, una presenza sana per questo gruppo. Purtroppo non sappiamo se e quando torner\u00e0\u201d.<\/p>\n<p style=\"text-align: justify;\">Modica non ha rimpianti per quella porzione di stagione condotta sotto la sua guida tecnica<em>: \u201cNon siamo felicissimi ma non abbiamo neppure grandi rimpianti. Le prime cinque non hanno perso mai, viaggiano a ritmi vertiginosi e quindi saremmo comunque dietro nonostante gli otto punti persi nel girone di ritorno\u201d.<\/em><\/p>\n","protected":false},"excerpt":{"rendered":"<p>Giacomo Modica scalda il derby del &#8220;D\u2019Alcontres&#8221;. L\u2019ex collaboratore di Zeman risponde a muso duro all\u2019ambiente Igeano, ma soprattutto a chi negli ultimi giorni ha paragonato i campionati delle due squadre facendo il classico confronto qualit\u00e0-prezzo. Il tecnico messinese riconosce l\u2019eccellente lavoro svolto da Raffaele e\u00a0 dalla societ\u00e0 guidata dai fratelli Grasso, ma non accetta [&hellip;]<\/p>\n","protected":false},"author":14,"featured_media":10089,"comment_status":"closed","ping_status":"open","sticky":false,"template":"","format":"standard","meta":{"ub_ctt_via":"","_mi_skip_tracking":false},"categories":[10,9],"tags":[],"featured_image_src":"https:\/\/www.messinaoggi.it\/website\/wp-content\/uploads\/2017\/10\/allenatore-modicaRRP_0822.jpg","author_info":{"display_name":"Antonio Macauda","author_link":"https:\/\/www.messinaoggi.it\/website\/author\/a-macauda\/"},"digistream_id":0,"digistream":false,"_links":{"self":[{"href":"https:\/\/www.messinaoggi.it\/website\/wp-json\/wp\/v2\/posts\/17371"}],"collection":[{"href":"https:\/\/www.messinaoggi.it\/website\/wp-json\/wp\/v2\/posts"}],"about":[{"href":"https:\/\/www.messinaoggi.it\/website\/wp-json\/wp\/v2\/types\/post"}],"author":[{"embeddable":true,"href":"https:\/\/www.messinaoggi.it\/website\/wp-json\/wp\/v2\/users\/14"}],"replies":[{"embeddable":true,"href":"https:\/\/www.messinaoggi.it\/website\/wp-json\/wp\/v2\/comments?post=17371"}],"version-history":[{"count":0,"href":"https:\/\/www.messinaoggi.it\/website\/wp-json\/wp\/v2\/posts\/17371\/revisions"}],"wp:featuredmedia":[{"embeddable":true,"href":"https:\/\/www.messinaoggi.it\/website\/wp-json\/wp\/v2\/media\/10089"}],"wp:attachment":[{"href":"https:\/\/www.messinaoggi.it\/website\/wp-json\/wp\/v2\/media?parent=17371"}],"wp:term":[{"taxonomy":"category","embeddable":true,"href":"https:\/\/www.messinaoggi.it\/website\/wp-json\/wp\/v2\/categories?post=17371"},{"taxonomy":"post_tag","embeddable":true,"href":"https:\/\/www.messinaoggi.it\/website\/wp-json\/wp\/v2\/tags?post=17371"}],"curies":[{"name":"wp","href":"https:\/\/api.w.org\/{rel}","templated":true}]}}