{"id":173662,"date":"2023-10-20T16:28:58","date_gmt":"2023-10-20T14:28:58","guid":{"rendered":"http:\/\/www.messinaoggi.it\/website\/?p=173662"},"modified":"2023-10-20T16:43:48","modified_gmt":"2023-10-20T14:43:48","slug":"finisce-fashion-lab-corso-nazionale-per-giovani-fashion-designer-a-messina","status":"publish","type":"post","link":"https:\/\/www.messinaoggi.it\/website\/2023\/10\/20\/finisce-fashion-lab-corso-nazionale-per-giovani-fashion-designer-a-messina\/","title":{"rendered":"Finisce &#8220;Fashion Lab&#8221;, corso nazionale per giovani fashion designer a Messina"},"content":{"rendered":"\n<p>Si spengono i riflettori sul primo corso pilota di formazione gratuito \u201cFashion Lab\u201d organizzato dalla Camera Nazionale Giovani Fashion Designer, associazione di settore moda UNSIC (unione nazionale sindacale imprenditori coltivatori), tenutosi dal 9 al 12 ottobre a Messina. Quindici i giovani talenti, finalisti del concorso \u201cNew Generations\u201d, a frequentarlo: <strong>Giuseppe Adorno, Erica Bellezza, Valentina Mollica, Sara Maulicino, Giulia Pistoia, Giada Rinaldi, Aurora Cordaro, Noemi Di Maio, Giusy Romeo, Khoudmi Khadijia, Daniela Puccio, Gaia Inzerillo, Emily Lo Iacono, Elisa Sciammarella <\/strong>e<strong> Cristina Pascali. <\/strong><div id=\"div-gpt-ad-Messinaoggi.it-DSK-300x250-corpoart\" style=\"text-align:center;margin:0 auto;\"><\/div><\/p>\n\n\n\n<p>Un\u2019iniziativa fortemente voluta dalla Presidente della CNGFD, <strong>Alessandra Giulivo<\/strong>, quale momento di crescita personale oltre che professionale dei giovani artisti, che hanno avuto modo di approfondire il concetto di styling, armocromia e consulenza d\u2019immagine nonch\u00e9 gli aspetti pi\u00f9 pragmatici della moda da passerella e da rivista, confrontandosi con l\u2019organizzazione di set, sfilate e shooting fotografici. <div id=\"videoincontent\" style=\"clear:both\";><\/div><\/p>\n\n\n\n<p>\u201cCome Camera Nazionale Giovani Fashion Designer \u2013 commenta la presidente Alessandra Giulivo \u2013 siamo orgogliosi dell\u2019entusiasmo e della professionalit\u00e0 con cui i ragazzi hanno vissuto questa bellissima esperienza. Il laboratorio ha rappresentato per loro una palestra, un arricchimento del loro bagaglio formativo e un\u2019opportunit\u00e0 di poter tastare con mano il mondo del fashion. Tutti loro hanno saputo sfruttare al meglio questa occasione. La loro soddisfazione \u00e8 stata il nostro successo\u201d.  <\/p>\n\n\n\n<p>L\u2019iniziativa \u00e8 in linea con le finalit\u00e0 della CNGFD, che da sempre  promuove, valorizza e sostiene i talenti emergenti della classe creativa offrendo possibilit\u00e0 di confronto, formazione, crescita professionale e visibilit\u00e0. In aula, guidati dalla docente Gloria Milazzo, stimata esperta di styling ed armocromia e fondatrice del brand \u201cLa migliore versione di te stessa\u201d, i corsisti hanno approfondito l\u2019analisi e lo studio dei colori della persona e l\u2019importanza della dissonanza per valorizzare lo stile. <\/p>\n\n\n\n<p>La coordinatrice del corso, <strong>Ylenia Ferrante<\/strong>, Consulente del Lavoro e Responsabile Divisione Lavoro e Politiche Attive Unsic, inoltre, ha presentato ai partecipanti le nuove iniziative promosse dalla CNGFD. Grande interesse ha suscitato il nuovo sportello Job&amp;Placement, il servizio pensato dalla Camera per avvicinare i giovani designer al mondo del lavoro e, al contempo, fornire assistenza giuslavoristica.  Il corso non \u00e8 stato solo teoria e dibattito, considerato che i fashion designer, coordinati da <strong>Dario Caminiti<\/strong>, direttore della CNGFD e make up artist, e dalla docente <strong>Gloria Milazzo<\/strong>, hanno messo in pratica gli insegnamenti appresi, dando vita alle loro visioni progettuali attraverso due diverse storie visive: Contrasti e Dirty Mind, le due tematiche a cui sono stati ispirati gli shooting fotografici conclusivi del corso. <\/p>\n\n\n\n<p>Un metodo di insegnamento alternativo li ha resi soggetti attivi e partecipativi, particolarmente coinvolti, attenti e interessanti alle lezioni. Al termine del corso, si \u00e8 svolta la cerimonia di consegna degli attestati di partecipazione. Momento solenne durante il quale i ragazzi hanno potuto esprimere le proprie riflessioni in merito all\u2019esperienza vissuta. Per tutti il laboratorio non \u00e8 stato solo un corso formativo bens\u00ec un percorso di crescita personale che li ha resi pi\u00f9 sicuri e pi\u00f9 consapevoli delle loro qualit\u00e0 e delle loro potenzialit\u00e0. <\/p>\n\n\n\n<p>Un\u2019esperienza indimenticabile che porteranno per sempre nel cuore insieme al forte legame che hanno stabilito tra tutti loro. Obiettivo, pertanto, decisamente raggiunto e stimoli nuovi che faranno da apripista per le successive iniziative firmate Camera Nazionale Giovani Fashion Designer. <\/p>\n","protected":false},"excerpt":{"rendered":"<p>Si spengono i riflettori sul primo corso pilota di formazione gratuito \u201cFashion Lab\u201d organizzato dalla Camera Nazionale Giovani Fashion Designer, associazione di settore moda UNSIC (unione nazionale sindacale imprenditori coltivatori), tenutosi dal 9 al 12 ottobre a Messina. Quindici i giovani talenti, finalisti del concorso \u201cNew Generations\u201d, a frequentarlo: Giuseppe Adorno, Erica Bellezza, Valentina Mollica, [&hellip;]<\/p>\n","protected":false},"author":15,"featured_media":173685,"comment_status":"open","ping_status":"open","sticky":false,"template":"","format":"standard","meta":{"ub_ctt_via":"","_mi_skip_tracking":false},"categories":[5],"tags":[8910,8909,8907,8908,7178],"featured_image_src":"https:\/\/www.messinaoggi.it\/website\/wp-content\/uploads\/2023\/10\/IMG-20231020-WA0011.jpg","author_info":{"display_name":"red.me","author_link":"https:\/\/www.messinaoggi.it\/website\/author\/red-me\/"},"digistream_id":0,"digistream":false,"_links":{"self":[{"href":"https:\/\/www.messinaoggi.it\/website\/wp-json\/wp\/v2\/posts\/173662"}],"collection":[{"href":"https:\/\/www.messinaoggi.it\/website\/wp-json\/wp\/v2\/posts"}],"about":[{"href":"https:\/\/www.messinaoggi.it\/website\/wp-json\/wp\/v2\/types\/post"}],"author":[{"embeddable":true,"href":"https:\/\/www.messinaoggi.it\/website\/wp-json\/wp\/v2\/users\/15"}],"replies":[{"embeddable":true,"href":"https:\/\/www.messinaoggi.it\/website\/wp-json\/wp\/v2\/comments?post=173662"}],"version-history":[{"count":1,"href":"https:\/\/www.messinaoggi.it\/website\/wp-json\/wp\/v2\/posts\/173662\/revisions"}],"predecessor-version":[{"id":173686,"href":"https:\/\/www.messinaoggi.it\/website\/wp-json\/wp\/v2\/posts\/173662\/revisions\/173686"}],"wp:featuredmedia":[{"embeddable":true,"href":"https:\/\/www.messinaoggi.it\/website\/wp-json\/wp\/v2\/media\/173685"}],"wp:attachment":[{"href":"https:\/\/www.messinaoggi.it\/website\/wp-json\/wp\/v2\/media?parent=173662"}],"wp:term":[{"taxonomy":"category","embeddable":true,"href":"https:\/\/www.messinaoggi.it\/website\/wp-json\/wp\/v2\/categories?post=173662"},{"taxonomy":"post_tag","embeddable":true,"href":"https:\/\/www.messinaoggi.it\/website\/wp-json\/wp\/v2\/tags?post=173662"}],"curies":[{"name":"wp","href":"https:\/\/api.w.org\/{rel}","templated":true}]}}