{"id":173646,"date":"2023-10-20T16:14:39","date_gmt":"2023-10-20T14:14:39","guid":{"rendered":"http:\/\/www.messinaoggi.it\/website\/?p=173646"},"modified":"2023-10-20T16:14:40","modified_gmt":"2023-10-20T14:14:40","slug":"eolie-caronte-sospesi-licenziamenti-riprendono-i-collegamenti","status":"publish","type":"post","link":"https:\/\/www.messinaoggi.it\/website\/2023\/10\/20\/eolie-caronte-sospesi-licenziamenti-riprendono-i-collegamenti\/","title":{"rendered":"Eolie, Caronte: &#8220;sospesi licenziamenti, riprendono i collegamenti&#8221;"},"content":{"rendered":"\n<p> \u201cNon abbiamo mai smesso di cercare soluzioni per ovviare ad una situazione assolutamente anomala per noi &#8211; compagnia di navigazione che non ha altre ambizioni se non quella di fare il proprio mestiere &#8211; ma soprattutto insostenibile per le popolazioni delle isole.  C\u2019\u00e8 soddisfazione perch\u00e9 si sblocca una situazione che rischiava di compromettere il trasporto marittimo nella Regione Sicilia, con grave lesione dell\u2019interesse pubblico&#8221;. <div id=\"div-gpt-ad-Messinaoggi.it-DSK-300x250-corpoart\" style=\"text-align:center;margin:0 auto;\"><\/div><\/p>\n\n\n\n<p>Questo emerge nella nota diffusa da Caronte &amp; Tourist Isole Minori dopo l\u2019annuncio del Governo Regionale di voler attuare, in assenza di soluzioni alternative e di disponibilit\u00e0 di altri operatori, un\u2019integrazione con i servizi statali che si confida consentir\u00e0 a breve la ripresa dei collegamenti regionali da e per le isole siciliane. <div id=\"videoincontent\" style=\"clear:both\";><\/div><\/p>\n\n\n\n<p>\u201cVa dato atto alla Regione Siciliana di tenacia e acume nel perseguimento dell\u2019obiettivo prefissato. L\u2019ampliamento dell\u2019oggetto della convenzione statale &#8211; seppur ancora non meglio definito nel dettaglio &#8211; non soltanto consentir\u00e0 alle comunit\u00e0 isolane di ottenere un servizio quantitativamente adeguato, ma a regime potr\u00e0 anche costituire uno strumento di razionalizzazione dell\u2019intero sistema del trasporto marittimo da e verso le Isole minori\u201d.  <\/p>\n\n\n\n<p>Caronte &amp; Tourist I.M., avendo ora ricevuto dalla Procura di Messina i necessari chiarimenti riguardo alle modalit\u00e0 attuative del sequestro cautelare disposto nel giugno scorso e quindi superata una precedente situazione d\u2019incertezza, potr\u00e0 determinarsi ad accogliere la richiesta della Regione Siciliana alla SNS (Societ\u00e0 Navigazione Siciliana, titolare della Convenzione per i servizi essenziali) di cui \u00e8 socia e consorziata, di ampliare la Convenzione con il MIT con servizi integrativi a carico della Regione. Rimane aperto invece il tema del sequestro cautelare delle navi disposto dalla Procura di Messina lo scorso giugno.<\/p>\n\n\n\n<p>La Societ\u00e0, da parte sua, continua infatti a dichiarare l\u2019assoluta idoneit\u00e0 al trasporto di passeggeri a mobilit\u00e0 ridotta di navi che hanno ricevuto e tutt\u2019ora possiedono le certificazioni di legge e confida pienamente di poter far valere le proprie ragioni in sede giudiziaria.<\/p>\n\n\n\n<p>\u201cComunicheremo immediatamente alle Organizzazioni Sindacali &#8211; alle quali va reso il merito di un atteggiamento di grande responsabilit\u00e0, in un ambito di relazioni industriali decisamente mature &#8211; la sospensione della procedura di licenziamento collettivo che avevamo doverosamente (e dolorosamente) avviato. Il mantenimento dei livelli occupazionali \u00e8 senza alcun dubbio il risultato pi\u00f9 importante di tutta questa complicata partita.\u201d <\/p>\n","protected":false},"excerpt":{"rendered":"<p>\u201cNon abbiamo mai smesso di cercare soluzioni per ovviare ad una situazione assolutamente anomala per noi &#8211; compagnia di navigazione che non ha altre ambizioni se non quella di fare il proprio mestiere &#8211; ma soprattutto insostenibile per le popolazioni delle isole. C\u2019\u00e8 soddisfazione perch\u00e9 si sblocca una situazione che rischiava di compromettere il trasporto [&hellip;]<\/p>\n","protected":false},"author":15,"featured_media":141056,"comment_status":"open","ping_status":"open","sticky":false,"template":"","format":"standard","meta":{"ub_ctt_via":"","_mi_skip_tracking":false},"categories":[13,14],"tags":[146,7211,1227,836,8905],"featured_image_src":"https:\/\/www.messinaoggi.it\/website\/wp-content\/uploads\/2023\/02\/Sede-Caronte-Tourist.jpeg","author_info":{"display_name":"red.me","author_link":"https:\/\/www.messinaoggi.it\/website\/author\/red-me\/"},"digistream_id":0,"digistream":false,"_links":{"self":[{"href":"https:\/\/www.messinaoggi.it\/website\/wp-json\/wp\/v2\/posts\/173646"}],"collection":[{"href":"https:\/\/www.messinaoggi.it\/website\/wp-json\/wp\/v2\/posts"}],"about":[{"href":"https:\/\/www.messinaoggi.it\/website\/wp-json\/wp\/v2\/types\/post"}],"author":[{"embeddable":true,"href":"https:\/\/www.messinaoggi.it\/website\/wp-json\/wp\/v2\/users\/15"}],"replies":[{"embeddable":true,"href":"https:\/\/www.messinaoggi.it\/website\/wp-json\/wp\/v2\/comments?post=173646"}],"version-history":[{"count":2,"href":"https:\/\/www.messinaoggi.it\/website\/wp-json\/wp\/v2\/posts\/173646\/revisions"}],"predecessor-version":[{"id":173656,"href":"https:\/\/www.messinaoggi.it\/website\/wp-json\/wp\/v2\/posts\/173646\/revisions\/173656"}],"wp:featuredmedia":[{"embeddable":true,"href":"https:\/\/www.messinaoggi.it\/website\/wp-json\/wp\/v2\/media\/141056"}],"wp:attachment":[{"href":"https:\/\/www.messinaoggi.it\/website\/wp-json\/wp\/v2\/media?parent=173646"}],"wp:term":[{"taxonomy":"category","embeddable":true,"href":"https:\/\/www.messinaoggi.it\/website\/wp-json\/wp\/v2\/categories?post=173646"},{"taxonomy":"post_tag","embeddable":true,"href":"https:\/\/www.messinaoggi.it\/website\/wp-json\/wp\/v2\/tags?post=173646"}],"curies":[{"name":"wp","href":"https:\/\/api.w.org\/{rel}","templated":true}]}}