{"id":17362,"date":"2018-03-23T12:28:50","date_gmt":"2018-03-23T11:28:50","guid":{"rendered":"http:\/\/www.messinaoggi.it\/website\/?p=17362"},"modified":"2018-03-23T12:28:50","modified_gmt":"2018-03-23T11:28:50","slug":"torna-il-fai-di-primavera-un-fine-settimana-per-scoprire-il-nostro-patrimonio-culturale","status":"publish","type":"post","link":"https:\/\/www.messinaoggi.it\/website\/2018\/03\/23\/torna-il-fai-di-primavera-un-fine-settimana-per-scoprire-il-nostro-patrimonio-culturale\/","title":{"rendered":"Torna il Fai di Primavera: un fine settimana per scoprire il nostro patrimonio culturale"},"content":{"rendered":"<p lang=\"it-IT\" style=\"text-align: justify;\"><span style=\"font-family: Arial, sans-serif;\"><span style=\"color: #1d1d1b;\"><span style=\"font-size: medium;\"><b>Tesori, aspetti inediti del nostro patrimonio culturale, storie mai raccontate.<\/b><\/span><\/span> Il 20 marzo ha segnato non solo l&#8217;inizio della primavera, ma anche l&#8217;imminente arrivo del Fai. Ci riferiamo alla XXVI edizione della Giornate Fai di Primavera che, come ormai di consuetudine, si svolgeranno il terzo fine settimana di marzo. In particolare, l&#8217;edizione di quest&#8217;anno si svolger\u00e0 questo fine settimana, sabato 24 dalle 9 e 30 alle 17 e domenica 25 marzo dalle 9 e 30 alle 17 e 30, durante il quale numerosi volontari Fai faranno da cicerone a chi vuole saperne di pi\u00f9 sui monumenti del nostro territorio.<\/span><div id=\"div-gpt-ad-Messinaoggi.it-DSK-300x250-corpoart\" style=\"text-align:center;margin:0 auto;\"><\/div><\/p>\n<p lang=\"it-IT\" style=\"text-align: justify;\"><span style=\"font-family: Arial, sans-serif;\"><strong>A Messina,<\/strong> il Teleposto meteorologico sito nel viale Regina Margherita sar\u00e0 il luogo designato per il Fai di Primavera 2018. Noto anche comunemente come Osservatorio, esso offre un servizio 24 ore su 24 volto a monitorare i parametri atmosferici e ambientali al fine di poter emettere bollettini meteo che rispettino gli standard indicati dall&#8217;Organizzazione Meteorologica Mondiale.<\/span><div id=\"videoincontent\" style=\"clear:both\";><\/div><\/p>\n<p lang=\"it-IT\" style=\"text-align: justify;\"><span style=\"font-family: Arial, sans-serif;\"><strong>Anche in provincia si terranno diverse manifestazioni al riguardo.<\/strong>\u00a0A Capizzi si terr\u00e0 una visita guidata alla chiesa di S. Antonio di Padova e al Museo di arte sacra dei Santi Nicol\u00f2 e Giacomo; a San Marco d&#8217;Alunzio potranno essere scoperte le meraviglie di cinque chiese e tre musei; a Casalvecchio \u00a0si terr\u00e0 una visita guidata alla basilica di SS. Pietro e Paolo d&#8217;Agr\u00f2; infine ad Alcara Li Fusi si terr\u00e0 un itinerario naturalistico e una visita guidata alla Chiesa delle Grazie, al monastero di S. Maria del Rogato ed al santuario dell&#8217;Eremo.<\/span><\/p>\n","protected":false},"excerpt":{"rendered":"<p>Tesori, aspetti inediti del nostro patrimonio culturale, storie mai raccontate. Il 20 marzo ha segnato non solo l&#8217;inizio della primavera, ma anche l&#8217;imminente arrivo del Fai. Ci riferiamo alla XXVI edizione della Giornate Fai di Primavera che, come ormai di consuetudine, si svolgeranno il terzo fine settimana di marzo. In particolare, l&#8217;edizione di quest&#8217;anno si [&hellip;]<\/p>\n","protected":false},"author":10,"featured_media":17363,"comment_status":"closed","ping_status":"open","sticky":false,"template":"","format":"standard","meta":{"ub_ctt_via":"","_mi_skip_tracking":false},"categories":[5],"tags":[],"featured_image_src":"https:\/\/www.messinaoggi.it\/website\/wp-content\/uploads\/2018\/03\/dettaglio-statua-mano-1.jpg","author_info":{"display_name":"Paolo Mustica","author_link":"https:\/\/www.messinaoggi.it\/website\/author\/p-mustica\/"},"digistream_id":0,"digistream":false,"_links":{"self":[{"href":"https:\/\/www.messinaoggi.it\/website\/wp-json\/wp\/v2\/posts\/17362"}],"collection":[{"href":"https:\/\/www.messinaoggi.it\/website\/wp-json\/wp\/v2\/posts"}],"about":[{"href":"https:\/\/www.messinaoggi.it\/website\/wp-json\/wp\/v2\/types\/post"}],"author":[{"embeddable":true,"href":"https:\/\/www.messinaoggi.it\/website\/wp-json\/wp\/v2\/users\/10"}],"replies":[{"embeddable":true,"href":"https:\/\/www.messinaoggi.it\/website\/wp-json\/wp\/v2\/comments?post=17362"}],"version-history":[{"count":0,"href":"https:\/\/www.messinaoggi.it\/website\/wp-json\/wp\/v2\/posts\/17362\/revisions"}],"wp:featuredmedia":[{"embeddable":true,"href":"https:\/\/www.messinaoggi.it\/website\/wp-json\/wp\/v2\/media\/17363"}],"wp:attachment":[{"href":"https:\/\/www.messinaoggi.it\/website\/wp-json\/wp\/v2\/media?parent=17362"}],"wp:term":[{"taxonomy":"category","embeddable":true,"href":"https:\/\/www.messinaoggi.it\/website\/wp-json\/wp\/v2\/categories?post=17362"},{"taxonomy":"post_tag","embeddable":true,"href":"https:\/\/www.messinaoggi.it\/website\/wp-json\/wp\/v2\/tags?post=17362"}],"curies":[{"name":"wp","href":"https:\/\/api.w.org\/{rel}","templated":true}]}}