{"id":173589,"date":"2023-10-20T09:38:18","date_gmt":"2023-10-20T07:38:18","guid":{"rendered":"http:\/\/www.messinaoggi.it\/website\/?p=173589"},"modified":"2023-10-20T09:38:19","modified_gmt":"2023-10-20T07:38:19","slug":"aggressione-a-giardina-e-polemica-tra-musolino-e-il-sindaco","status":"publish","type":"post","link":"https:\/\/www.messinaoggi.it\/website\/2023\/10\/20\/aggressione-a-giardina-e-polemica-tra-musolino-e-il-sindaco\/","title":{"rendered":"Aggressione a Giardina, \u00e8 polemica tra Musolino e il sindaco"},"content":{"rendered":"\n<p>Dopo l&#8217;aggressione subita dal Comandante <strong>Giovanni Giardina<\/strong> nel corso di servizi di controllo dell&#8217;ambulantato illegale, si \u00e8 creata una polemica tra la senatrice <strong>Dafne Musolino<\/strong>, ex assessora deluchiana, di recente transitata in Italia Viva di Matteo Renzi, e il sindaco <strong>Federico Basile<\/strong>. Il tutto innescato da alcune dichiarazioni in merito all&#8217;ambulantato e all&#8217;aggressione di ieri fatte da Musolino.<div id=\"div-gpt-ad-Messinaoggi.it-DSK-300x250-corpoart\" style=\"text-align:center;margin:0 auto;\"><\/div><\/p>\n\n\n\n<p>&#8220;Da tempo assistiamo a Messina ad una ripresa dei fenomeni di ambulantato abusivo. L\u2019odierna notizia relativa all\u2019aggressione del Comandante Giardina, al quale esprimo tutta la mia solidariet\u00e0, conferma che tutto il lavoro svolto negli scorsi anni, teso al ripristino della legalit\u00e0 e a garantire forme di commercio prive della concorrenza sleale, sono state poste nel dimenticatoio da parte di un\u2019amministrazione che risulta sempre pi\u00f9 distratta e scollata dalla realt\u00e0. Personalmente, avevo segnalato tempo fa la presenza di venditori abusivi di frutta e di bibite, anche alla Passeggiata a mare, tuttavia, non c\u2019\u00e8 stato alcun riscontro in merito da parte dell\u2019amministrazione. Il governo si avvia a varare il nuovo DDL in merito alla concorrenza che preveder\u00e0 anche delle gare per il rilascio dell\u2019autorizzazione per l\u2019occupazione del suolo pubblico per il commercio. In questo scenario di mutata attenzione in un settore che da sempre era ad esclusivo appannaggio delle amministrazioni locali il Comune di Messina sembra aver dimenticato il piano del commercio e il previsto riordino dei chioschi e di tutti gli spazi pubblici, segno di una totale disattenzione e di un\u2019acclarata incapacit\u00e0 di gestione del tema da parte dell\u2019amministrazione comunale&#8221; scrive la senatrice nella sua pagina Facebook.<div id=\"videoincontent\" style=\"clear:both\";><\/div><\/p>\n\n\n\n<p>\u201cCredo che la senatrice Dafne Musolino non abbia compreso bene quanto accaduto oggi, in merito all\u2019aggressione subita dal comandante comandante della Polizia Metropolitana e vicario della Polizia municipale, Giovanni Giardina, nel corso dell\u2019attivit\u00e0 di controllo sul territorio cittadino contro l\u2019ambulantato selvaggio &#8211; replica il sindaco Federico Basile &#8211; Quindi nell\u2019operare al servizio della comunit\u00e0 per il rispetto delle regole e per l&#8217;osservanza della legalit\u00e0 \u00e8 accaduto un fatto di gravit\u00e0 assoluta, quale l\u2019aggressione violenta nei confronti del comandante Giardina durante il suo quotidiano lavoro di controllo proprio sul fenomeno dell\u2019occupazione illegale di suolo pubblico. Sono sorpreso di come una cruenta aggressione diventi spunto di una polemica; legata a cosa? Al fatto che contro chi cerca di fare rispettare la legge \u00e8 legittimo usare violenza? Ripeto, inutili polemiche anzi gravi speculazioni politiche, ad una settimana dalla fuoriuscita della senatrice Musolino dal partito Sud chiama Nord, che ha gi\u00e0 dimenticato le circostanze in cui simili atti violenti si sono verificati anche allorquando la stessa ricopriva la carica di Assessora con rispettive deleghe alle Attivit\u00e0 produttive (commercio e mercati) e Polizia municipale. Ma, si sa, in politica la memoria \u00e8 sempre troppo corta\u201d conclude il sindaco Basile.<\/p>\n\n\n\n<p>\u201cNon mi stupisce la risposta piccata del Sindaco Basile, per due motivi: il primo \u00e8 che dimostra di non avere ancora compreso che in citt\u00e0 si assiste ogni giorno ad un arretramento dei livelli di legalit\u00e0, e l\u2019aggressione al Comandante Giardina, con il quale ho condiviso innumerevoli controlli e attivit\u00e0 di ripristino della legalit\u00e0, ne \u00e8 solo la piena riprova. Il secondo \u00e8 che, ancora una volta, si tenta di sviare la critica politica, scadendo nell\u2019attacco personale.  Al sindaco Basile dico di guardarsi attorno, la legalit\u00e0 non si ricerca con spot ammiccanti o slogan da ammorbidente, ma con azioni concrete e costanti.\u201d Cos\u00ec replica la senatrice Dafne Musolino in risposta alla nota del sindaco Basile.<\/p>\n","protected":false},"excerpt":{"rendered":"<p>Dopo l&#8217;aggressione subita dal Comandante Giovanni Giardina nel corso di servizi di controllo dell&#8217;ambulantato illegale, si \u00e8 creata una polemica tra la senatrice Dafne Musolino, ex assessora deluchiana, di recente transitata in Italia Viva di Matteo Renzi, e il sindaco Federico Basile. Il tutto innescato da alcune dichiarazioni in merito all&#8217;ambulantato e all&#8217;aggressione di ieri [&hellip;]<\/p>\n","protected":false},"author":15,"featured_media":128899,"comment_status":"open","ping_status":"open","sticky":false,"template":"","format":"standard","meta":{"ub_ctt_via":"","_mi_skip_tracking":false},"categories":[6],"tags":[1314,3884,167,2972,1129,1614],"featured_image_src":"https:\/\/www.messinaoggi.it\/website\/wp-content\/uploads\/2022\/11\/dafne-musolino.jpg","author_info":{"display_name":"red.me","author_link":"https:\/\/www.messinaoggi.it\/website\/author\/red-me\/"},"digistream_id":0,"digistream":false,"_links":{"self":[{"href":"https:\/\/www.messinaoggi.it\/website\/wp-json\/wp\/v2\/posts\/173589"}],"collection":[{"href":"https:\/\/www.messinaoggi.it\/website\/wp-json\/wp\/v2\/posts"}],"about":[{"href":"https:\/\/www.messinaoggi.it\/website\/wp-json\/wp\/v2\/types\/post"}],"author":[{"embeddable":true,"href":"https:\/\/www.messinaoggi.it\/website\/wp-json\/wp\/v2\/users\/15"}],"replies":[{"embeddable":true,"href":"https:\/\/www.messinaoggi.it\/website\/wp-json\/wp\/v2\/comments?post=173589"}],"version-history":[{"count":2,"href":"https:\/\/www.messinaoggi.it\/website\/wp-json\/wp\/v2\/posts\/173589\/revisions"}],"predecessor-version":[{"id":173591,"href":"https:\/\/www.messinaoggi.it\/website\/wp-json\/wp\/v2\/posts\/173589\/revisions\/173591"}],"wp:featuredmedia":[{"embeddable":true,"href":"https:\/\/www.messinaoggi.it\/website\/wp-json\/wp\/v2\/media\/128899"}],"wp:attachment":[{"href":"https:\/\/www.messinaoggi.it\/website\/wp-json\/wp\/v2\/media?parent=173589"}],"wp:term":[{"taxonomy":"category","embeddable":true,"href":"https:\/\/www.messinaoggi.it\/website\/wp-json\/wp\/v2\/categories?post=173589"},{"taxonomy":"post_tag","embeddable":true,"href":"https:\/\/www.messinaoggi.it\/website\/wp-json\/wp\/v2\/tags?post=173589"}],"curies":[{"name":"wp","href":"https:\/\/api.w.org\/{rel}","templated":true}]}}