{"id":173522,"date":"2023-10-19T17:21:38","date_gmt":"2023-10-19T15:21:38","guid":{"rendered":"http:\/\/www.messinaoggi.it\/website\/?p=173522"},"modified":"2023-10-19T17:21:44","modified_gmt":"2023-10-19T15:21:44","slug":"vile-aggressione-a-giardina-la-solidarieta-e-polemiche","status":"publish","type":"post","link":"https:\/\/www.messinaoggi.it\/website\/2023\/10\/19\/vile-aggressione-a-giardina-la-solidarieta-e-polemiche\/","title":{"rendered":"Vile aggressione a Giardina: la solidariet\u00e0 e polemiche"},"content":{"rendered":"\n<p>Il vice comandante della Polizia Municipale di Messina \u00e8 stato vittima, questa mattina, di una vile aggressione da parte di due ambulanti, in via La Farina.<div id=\"div-gpt-ad-Messinaoggi.it-DSK-300x250-corpoart\" style=\"text-align:center;margin:0 auto;\"><\/div><\/p>\n\n\n\n<p>Giardina stava svolgendo il suo servizio di controllo quando \u00e8 stato improvvisamente malmenato da due ambulanti che si sono scagliati contro di lui ferendolo con un oggetto contundente alla testa.<div id=\"videoincontent\" style=\"clear:both\";><\/div><\/p>\n\n\n\n<p>L&#8217;uomo \u00e8 stato soccorso dal personale del 118 ed accompagnato al Piemonte, le sue condizioni non sono comunque gravi. Non \u00e8 la prima volta che Giardina viene aggredito da ambulanti.<\/p>\n\n\n\n<p>Numerose le attestazioni di solidariet\u00e0 da parte della politica, con in testa il sindaco di Messina, Federico Basile, il quale ha stigmatizzato l&#8217;accaduto. <\/p>\n\n\n\n<p>Ma sul grave fatto di cronaca c&#8217;\u00e8 spazio per la polemica politica. Ad innescarla la senatrice Dafne Musolino.<\/p>\n\n\n\n<p><strong>L&#8217;attacco della Musolino<\/strong><\/p>\n\n\n\n<p>\u201cNon mi stupisce la risposta piccata del Sindaco Basile, per due motivi: il primo \u00e8 che dimostra di non avere ancora compreso che in citt\u00e0 si assiste ogni giorno ad un arretramento dei livelli di legalit\u00e0, e l\u2019aggressione al Comandante Giardina, con il quale ho\u00a0condiviso\u00a0innumerevoli controlli e attivit\u00e0 di ripristino della legalit\u00e0, ne \u00e8 solo la piena riprova. Il secondo \u00e8 che, ancora una volta, si tenta di sviare la critica politica, scadendo nell\u2019attacco personale. Al sindaco Basile dico di guardarsi attorno, la legalit\u00e0 non si ricerca con spot ammiccanti o slogan da ammorbidente, ma con azioni concrete\u00a0e\u00a0costanti.\u201d Cos\u00ec la senatrice di Italia Viva Dafne Musolino in risposta alla nota del sindaco di Messina Federico Basile.<\/p>\n\n\n\n<p><strong>La risposta del sindaco Federico Basile<\/strong><\/p>\n\n\n\n<p>\u201cCredo che la senatrice Dafne Musolino non abbia compreso bene quanto accaduto oggi, gioved\u00ec 19 ottobre, in merito all\u2019aggressione subita dal comandante comandante della Polizia Metropolitana e vicario della Polizia municipale Giovanni Giardina, nel corso dell\u2019attivit\u00e0 di controllo sul territorio cittadino contro l\u2019ambulantato selvaggio\u201d. Cos\u00ec il sindaco Federico Basile interviene sull\u2019ambulantato abusivo rappresentato nel giudizio espresso dalla senatrice Musolino. \u201cQuindi nell\u2019operare <em>al servizio della comunit\u00e0<\/em> &#8211; prosegue Basile &#8211; per il rispetto delle regole e per l&#8217;osservanza della legalit\u00e0 \u00e8 accaduto un fatto di gravit\u00e0 assoluta, quale l\u2019aggressione violenta nei confronti del comandante Giardina durante il suo quotidiano lavoro di controllo proprio sul fenomeno dell\u2019occupazione illegale di suolo pubblico. Sono sorpreso di come una cruenta aggressione diventi spunto di una polemica; legata a cosa? Al fatto che contro chi cerca di fare rispettare la legge \u00e8 legittimo usare violenza? Ripeto, inutili polemiche anzi gravi speculazioni politiche, ad una settimana dalla fuoriuscita della senatrice Musolino dal partito Sud chiama Nord, che ha gi\u00e0 dimenticato le circostanze in cui simili atti violenti si sono verificati anche allorquando la stessa ricopriva la carica di Assessora con rispettive deleghe alle Attivit\u00e0 produttive (commercio e mercati) e Polizia municipale. Ma, si sa, in politica la memoria \u00e8 sempre troppo corta\u201d, conclude il sindaco Basile.<\/p>\n\n\n\n<p><strong>Solidariet\u00e0 del Consiglio comunale<\/strong><\/p>\n\n\n\n<p>Solidariet\u00e0 e vicinanza al vice comandante del Corpo di Polizia municipale Giovanni Giardina \u00e8 stata espressa, a nome dell&#8217;intero Consiglio comunale, dal presidente del Consiglio comunale Nello Pergolizzi. \u201cIl vice comandante &#8211; si legge nella nota &#8211; \u00e8 stato insultato, minacciato e percosso, mentre stava svolgendo la sua attivit\u00e0 istituzionali di controllo del territorio. Non sono accettabili queste manifestazioni di violenza a Messina, da sempre citt\u00e0 del dialogo e del confronto. Auspico che venga fatta luce sull\u2019accaduto, che siano individuati i responsabili dell&#8217;aggressione e puniti con pene esemplari&#8221;.<\/p>\n\n\n\n<p><\/p>\n","protected":false},"excerpt":{"rendered":"<p>Il vice comandante della Polizia Municipale di Messina \u00e8 stato vittima, questa mattina, di una vile aggressione da parte di due ambulanti, in via La Farina. Giardina stava svolgendo il suo servizio di controllo quando \u00e8 stato improvvisamente malmenato da due ambulanti che si sono scagliati contro di lui ferendolo con un oggetto contundente alla [&hellip;]<\/p>\n","protected":false},"author":2,"featured_media":51490,"comment_status":"open","ping_status":"open","sticky":false,"template":"","format":"standard","meta":{"ub_ctt_via":"","_mi_skip_tracking":false},"categories":[19],"tags":[8904,3884,2972,1129],"featured_image_src":"https:\/\/www.messinaoggi.it\/website\/wp-content\/uploads\/2021\/01\/giovanni-giardina.jpg","author_info":{"display_name":"Redazione","author_link":"https:\/\/www.messinaoggi.it\/website\/author\/redazione\/"},"digistream_id":0,"digistream":false,"_links":{"self":[{"href":"https:\/\/www.messinaoggi.it\/website\/wp-json\/wp\/v2\/posts\/173522"}],"collection":[{"href":"https:\/\/www.messinaoggi.it\/website\/wp-json\/wp\/v2\/posts"}],"about":[{"href":"https:\/\/www.messinaoggi.it\/website\/wp-json\/wp\/v2\/types\/post"}],"author":[{"embeddable":true,"href":"https:\/\/www.messinaoggi.it\/website\/wp-json\/wp\/v2\/users\/2"}],"replies":[{"embeddable":true,"href":"https:\/\/www.messinaoggi.it\/website\/wp-json\/wp\/v2\/comments?post=173522"}],"version-history":[{"count":1,"href":"https:\/\/www.messinaoggi.it\/website\/wp-json\/wp\/v2\/posts\/173522\/revisions"}],"predecessor-version":[{"id":173523,"href":"https:\/\/www.messinaoggi.it\/website\/wp-json\/wp\/v2\/posts\/173522\/revisions\/173523"}],"wp:featuredmedia":[{"embeddable":true,"href":"https:\/\/www.messinaoggi.it\/website\/wp-json\/wp\/v2\/media\/51490"}],"wp:attachment":[{"href":"https:\/\/www.messinaoggi.it\/website\/wp-json\/wp\/v2\/media?parent=173522"}],"wp:term":[{"taxonomy":"category","embeddable":true,"href":"https:\/\/www.messinaoggi.it\/website\/wp-json\/wp\/v2\/categories?post=173522"},{"taxonomy":"post_tag","embeddable":true,"href":"https:\/\/www.messinaoggi.it\/website\/wp-json\/wp\/v2\/tags?post=173522"}],"curies":[{"name":"wp","href":"https:\/\/api.w.org\/{rel}","templated":true}]}}