{"id":173405,"date":"2023-10-18T18:07:02","date_gmt":"2023-10-18T16:07:02","guid":{"rendered":"http:\/\/www.messinaoggi.it\/website\/?p=173405"},"modified":"2023-10-18T18:07:15","modified_gmt":"2023-10-18T16:07:15","slug":"incendi-stato-di-crisi-per-10-giorni","status":"publish","type":"post","link":"https:\/\/www.messinaoggi.it\/website\/2023\/10\/18\/incendi-stato-di-crisi-per-10-giorni\/","title":{"rendered":"Incendi, stato di crisi per 10 giorni"},"content":{"rendered":"\n<p>La costante attenzione alla questione degli incendi, ha portato la giunta regionale a dichiarare per 10 giorni lo stato di crisi ed emergenza per il grave rischio incendi dovuto alle eccezionali situazioni meteo-climatiche previste per i prossimi giorni anche a seguito delle raccomandazioni dell\u2019unit\u00e0 di crisi del dipartimento di Protezione civile nazionale\u201d. L\u2019annuncio arriva dal presidente della Regione siciliana, Renato Schifani, nel suo intervento all\u2019Assemblea regionale.<br>\u201cLa Regione richiamer\u00e0 in servizio gli operai antincendio del Corpo forestale per fronteggiare al meglio le condizioni climatiche straordinarie previste in Sicilia nei prossimi giorni\u201d, ha detto Schifani. Alla base della delibera, la relazione del capo del dipartimento della Protezione civile della presidenza della Regione, Salvo Cocina, che in particolare per gioved\u00ec e venerd\u00ec, prevede forti venti di scirocco e temperature pi\u00f9 alte delle medie con punte sui 35 gradi. Uno scenario che potrebbe favorire lo svilupparsi di incendi. Una previsione confermata anche dal dipartimento nazionale della Protezione civile e dal Corpo nazionale dei vigili del fuoco.<div id=\"div-gpt-ad-Messinaoggi.it-DSK-300x250-corpoart\" style=\"text-align:center;margin:0 auto;\"><\/div><\/p>\n<div id=\"videoincontent\" style=\"clear:both\";><\/div>","protected":false},"excerpt":{"rendered":"<p>La costante attenzione alla questione degli incendi, ha portato la giunta regionale a dichiarare per 10 giorni lo stato di crisi ed emergenza per il grave rischio incendi dovuto alle eccezionali situazioni meteo-climatiche previste per i prossimi giorni anche a seguito delle raccomandazioni dell\u2019unit\u00e0 di crisi del dipartimento di Protezione civile nazionale\u201d. L\u2019annuncio arriva dal [&hellip;]<\/p>\n","protected":false},"author":4,"featured_media":163554,"comment_status":"open","ping_status":"open","sticky":false,"template":"","format":"standard","meta":{"ub_ctt_via":"","_mi_skip_tracking":false},"categories":[6],"tags":[2134,8903],"featured_image_src":"https:\/\/www.messinaoggi.it\/website\/wp-content\/uploads\/2023\/07\/incendio.jpg","author_info":{"display_name":"redme","author_link":"https:\/\/www.messinaoggi.it\/website\/author\/redme\/"},"digistream_id":0,"digistream":false,"_links":{"self":[{"href":"https:\/\/www.messinaoggi.it\/website\/wp-json\/wp\/v2\/posts\/173405"}],"collection":[{"href":"https:\/\/www.messinaoggi.it\/website\/wp-json\/wp\/v2\/posts"}],"about":[{"href":"https:\/\/www.messinaoggi.it\/website\/wp-json\/wp\/v2\/types\/post"}],"author":[{"embeddable":true,"href":"https:\/\/www.messinaoggi.it\/website\/wp-json\/wp\/v2\/users\/4"}],"replies":[{"embeddable":true,"href":"https:\/\/www.messinaoggi.it\/website\/wp-json\/wp\/v2\/comments?post=173405"}],"version-history":[{"count":1,"href":"https:\/\/www.messinaoggi.it\/website\/wp-json\/wp\/v2\/posts\/173405\/revisions"}],"predecessor-version":[{"id":173406,"href":"https:\/\/www.messinaoggi.it\/website\/wp-json\/wp\/v2\/posts\/173405\/revisions\/173406"}],"wp:featuredmedia":[{"embeddable":true,"href":"https:\/\/www.messinaoggi.it\/website\/wp-json\/wp\/v2\/media\/163554"}],"wp:attachment":[{"href":"https:\/\/www.messinaoggi.it\/website\/wp-json\/wp\/v2\/media?parent=173405"}],"wp:term":[{"taxonomy":"category","embeddable":true,"href":"https:\/\/www.messinaoggi.it\/website\/wp-json\/wp\/v2\/categories?post=173405"},{"taxonomy":"post_tag","embeddable":true,"href":"https:\/\/www.messinaoggi.it\/website\/wp-json\/wp\/v2\/tags?post=173405"}],"curies":[{"name":"wp","href":"https:\/\/api.w.org\/{rel}","templated":true}]}}