{"id":17337,"date":"2018-03-24T14:30:47","date_gmt":"2018-03-24T13:30:47","guid":{"rendered":"http:\/\/www.messinaoggi.it\/website\/?p=17337"},"modified":"2018-03-24T14:30:47","modified_gmt":"2018-03-24T13:30:47","slug":"taormina-arte-salta-vertice-a-palermo-musumeci-vuole-vederci-chiaro","status":"publish","type":"post","link":"https:\/\/www.messinaoggi.it\/website\/2018\/03\/24\/taormina-arte-salta-vertice-a-palermo-musumeci-vuole-vederci-chiaro\/","title":{"rendered":"&quot;Taormina Arte&quot;: salta vertice a Palermo, Musumeci vuole vederci chiaro"},"content":{"rendered":"<p>Il presidente della Regione, Nello Musumeci, vuole vederci chiaro sul futuro di Taormina Arte. Per questo motivo \u00e8 saltata la riunione a Palermo alla quale\u00a0 erano stati convocati il sindaco, Eligio Giardina e l&#8217;assessore al Turismo, Salvo Cilona, per affrontare la questione relativa alla nascitura fondazione. Il tutto nasceva da uno scambio di battute avvenuto, durante un recente convegno sul turismo, tra l&#8217;assessore regionale al Turismo, Sandro Pappalardo e gli amministratori locali.<br \/>\nLa priorit\u00e0 resta quella del Festival del cinema, gestito dalla nota organizzazione, che potrebbe non vedere la luce nella stagione del 2018. Eppure Taormina \u00e8 pronta. Ha a disposizione un Palazzo dei congressi funzionale, mancano &#8220;solo&#8221; i soldi per realizzare uno degli appuntamenti fissi della stagione.<br \/>\nMusumeci sar\u00e0 presente all&#8217;appuntamento. Tutto ancora da decidere visto che la Regione ha confermato la presenza di un commissario ad acta sulla questione. Intanto, il Festival del cinema ha gi\u00e0 perso la sua potenzialit\u00e0 di programmazione \u00e8 c&#8217;\u00e8 chi gi\u00e0 pensa ad iniziative alternative che gravitano sempre nell&#8217;ambito del mondo stellato. Il tutto a svantaggio dell&#8217;immagine della &#8220;Perla dello Jonio&#8221;, che sembra essere sempre nell&#8217;occhio del ciclone.<br \/>\n<strong>Mauro Romano<\/strong><div id=\"div-gpt-ad-Messinaoggi.it-DSK-300x250-corpoart\" style=\"text-align:center;margin:0 auto;\"><\/div><\/p>\n<div id=\"videoincontent\" style=\"clear:both\";><\/div>","protected":false},"excerpt":{"rendered":"<p>Il presidente della Regione, Nello Musumeci, vuole vederci chiaro sul futuro di Taormina Arte. Per questo motivo \u00e8 saltata la riunione a Palermo alla quale\u00a0 erano stati convocati il sindaco, Eligio Giardina e l&#8217;assessore al Turismo, Salvo Cilona, per affrontare la questione relativa alla nascitura fondazione. Il tutto nasceva da uno scambio di battute avvenuto, [&hellip;]<\/p>\n","protected":false},"author":2,"featured_media":17338,"comment_status":"closed","ping_status":"open","sticky":false,"template":"","format":"standard","meta":{"ub_ctt_via":"","_mi_skip_tracking":false},"categories":[3],"tags":[],"featured_image_src":"https:\/\/www.messinaoggi.it\/website\/wp-content\/uploads\/2018\/03\/palazzo-dei-congressi-taormina-1.jpg","author_info":{"display_name":"Redazione","author_link":"https:\/\/www.messinaoggi.it\/website\/author\/redazione\/"},"digistream_id":0,"digistream":false,"_links":{"self":[{"href":"https:\/\/www.messinaoggi.it\/website\/wp-json\/wp\/v2\/posts\/17337"}],"collection":[{"href":"https:\/\/www.messinaoggi.it\/website\/wp-json\/wp\/v2\/posts"}],"about":[{"href":"https:\/\/www.messinaoggi.it\/website\/wp-json\/wp\/v2\/types\/post"}],"author":[{"embeddable":true,"href":"https:\/\/www.messinaoggi.it\/website\/wp-json\/wp\/v2\/users\/2"}],"replies":[{"embeddable":true,"href":"https:\/\/www.messinaoggi.it\/website\/wp-json\/wp\/v2\/comments?post=17337"}],"version-history":[{"count":0,"href":"https:\/\/www.messinaoggi.it\/website\/wp-json\/wp\/v2\/posts\/17337\/revisions"}],"wp:featuredmedia":[{"embeddable":true,"href":"https:\/\/www.messinaoggi.it\/website\/wp-json\/wp\/v2\/media\/17338"}],"wp:attachment":[{"href":"https:\/\/www.messinaoggi.it\/website\/wp-json\/wp\/v2\/media?parent=17337"}],"wp:term":[{"taxonomy":"category","embeddable":true,"href":"https:\/\/www.messinaoggi.it\/website\/wp-json\/wp\/v2\/categories?post=17337"},{"taxonomy":"post_tag","embeddable":true,"href":"https:\/\/www.messinaoggi.it\/website\/wp-json\/wp\/v2\/tags?post=17337"}],"curies":[{"name":"wp","href":"https:\/\/api.w.org\/{rel}","templated":true}]}}