{"id":17325,"date":"2018-03-24T09:00:20","date_gmt":"2018-03-24T08:00:20","guid":{"rendered":"http:\/\/www.messinaoggi.it\/website\/?p=17325"},"modified":"2018-03-24T09:00:20","modified_gmt":"2018-03-24T08:00:20","slug":"antonella-bonaffini-unartista-in-diretta-connessione-con-luniverso","status":"publish","type":"post","link":"https:\/\/www.messinaoggi.it\/website\/2018\/03\/24\/antonella-bonaffini-unartista-in-diretta-connessione-con-luniverso\/","title":{"rendered":"Antonella Bonaffini, un&#039;artista in diretta connessione con l&#039;universo"},"content":{"rendered":"<p>La sua vita \u00e8 avvolta da un alone di mistero e di magia. Il suo nome \u00e8 Antonella Bonaffini ed \u00e8 un\u2019artista di grande sensibilit\u00e0 e grande talento. Spesso si dice \u00a0che dietro il genio di un grande artista si nasconda \u00a0quasi \u00a0sempre un grande dolore. Se ci\u00f2\u00a0 fosse vero la perdita improvvisa del padre, avvenuta nel 2007, \u00a0\u00e8 quel \u00a0trauma scatenante che oggi fa di Antonella Bonaffini un talento che molti ci invidiano.<br \/>\nOrgogliosa \u00a0di essere figlia della splendida terra di Sicilia l\u2019artista \u00a0non manca mai di ricordare di essere nata a Messina. Ed \u00e8\u00a0 proprio nella citt\u00e0 dello Stretto che \u00a0un anno fa, nelle prestigiose sale del Monte di Piet\u00e0, Antonella Bonaffini volle aprire la sua prima mostra proprio nella citt\u00e0 che le aveva dato i natali, riempendo le sale di visitatori ed aprendo quelle stesse sale, anche ai numerosi senza tetto che si erano raccolti nella parte antistante l&#8217;ingresso dell&#8217;antico palazzo.<br \/>\nBancaria, dal temperamento geniale ma al tempo riflessivo, Antonella Bonaffini riesce, in soli dieci anni di carriera, ad ottenere il consenso unanime e favorevole della critica. \u00a0Osservando le sue opere si percepisce nell&#8217;immediatezza che c&#8217;\u00e8 qualcosa che va oltre e che riesce ad arrivare senza filtri, senza mediare. Una piccola bambina di bianco vestita, in molti dei suoi dipinti, riesce ad assicurarsi la scena e con un candore che pare aver visto il tempo fermarsi, dipingere con puro sentimento un vissuto doloroso ma segnato da consapevolezze mature, come quella di \u00a0dichiararsi estranea al mondo ed alle sue subdole dinamiche, prendendo le distanze da una realt\u00e0 che l&#8217;artista, attraverso i suoi pennelli, par voglia a tutti i costi esorcizzare. Il suo modo di sentire l\u2019arte\u00a0 va oltre il comune sentire per la sua incrollabile consapevolezza\u00a0 e certezza di\u00a0 essere in diretta connessione con l\u2019universo.<br \/>\nUna dote \u00a0questa che fa di lei un\u2019artista senza eguali.<br \/>\nI prossimi impegni artistici la vedranno presto esporre oltre confine, ma chi la conosce sa che le sorprese, se si parla di lei, non tarderanno certamente ad arrivare.<br \/>\n <br \/>\n <br \/>\n <div id=\"div-gpt-ad-Messinaoggi.it-DSK-300x250-corpoart\" style=\"text-align:center;margin:0 auto;\"><\/div><\/p>\n<div id=\"videoincontent\" style=\"clear:both\";><\/div>","protected":false},"excerpt":{"rendered":"<p>La sua vita \u00e8 avvolta da un alone di mistero e di magia. Il suo nome \u00e8 Antonella Bonaffini ed \u00e8 un\u2019artista di grande sensibilit\u00e0 e grande talento. Spesso si dice \u00a0che dietro il genio di un grande artista si nasconda \u00a0quasi \u00a0sempre un grande dolore. Se ci\u00f2\u00a0 fosse vero la perdita improvvisa del padre, [&hellip;]<\/p>\n","protected":false},"author":5,"featured_media":11320,"comment_status":"closed","ping_status":"open","sticky":false,"template":"","format":"standard","meta":{"ub_ctt_via":"","_mi_skip_tracking":false},"categories":[16],"tags":[],"featured_image_src":"https:\/\/www.messinaoggi.it\/website\/wp-content\/uploads\/2017\/11\/Antonella-Bonaffini.jpg","author_info":{"display_name":"Maria Antonella Saia","author_link":"https:\/\/www.messinaoggi.it\/website\/author\/m-saia\/"},"digistream_id":0,"digistream":false,"_links":{"self":[{"href":"https:\/\/www.messinaoggi.it\/website\/wp-json\/wp\/v2\/posts\/17325"}],"collection":[{"href":"https:\/\/www.messinaoggi.it\/website\/wp-json\/wp\/v2\/posts"}],"about":[{"href":"https:\/\/www.messinaoggi.it\/website\/wp-json\/wp\/v2\/types\/post"}],"author":[{"embeddable":true,"href":"https:\/\/www.messinaoggi.it\/website\/wp-json\/wp\/v2\/users\/5"}],"replies":[{"embeddable":true,"href":"https:\/\/www.messinaoggi.it\/website\/wp-json\/wp\/v2\/comments?post=17325"}],"version-history":[{"count":0,"href":"https:\/\/www.messinaoggi.it\/website\/wp-json\/wp\/v2\/posts\/17325\/revisions"}],"wp:featuredmedia":[{"embeddable":true,"href":"https:\/\/www.messinaoggi.it\/website\/wp-json\/wp\/v2\/media\/11320"}],"wp:attachment":[{"href":"https:\/\/www.messinaoggi.it\/website\/wp-json\/wp\/v2\/media?parent=17325"}],"wp:term":[{"taxonomy":"category","embeddable":true,"href":"https:\/\/www.messinaoggi.it\/website\/wp-json\/wp\/v2\/categories?post=17325"},{"taxonomy":"post_tag","embeddable":true,"href":"https:\/\/www.messinaoggi.it\/website\/wp-json\/wp\/v2\/tags?post=17325"}],"curies":[{"name":"wp","href":"https:\/\/api.w.org\/{rel}","templated":true}]}}