{"id":17323,"date":"2018-03-24T07:10:34","date_gmt":"2018-03-24T06:10:34","guid":{"rendered":"http:\/\/www.messinaoggi.it\/website\/?p=17323"},"modified":"2018-03-24T07:10:34","modified_gmt":"2018-03-24T06:10:34","slug":"nomina-cda-atm-la-regione-vuol-vederci-chiaro-e-manda-gli-ispettori","status":"publish","type":"post","link":"https:\/\/www.messinaoggi.it\/website\/2018\/03\/24\/nomina-cda-atm-la-regione-vuol-vederci-chiaro-e-manda-gli-ispettori\/","title":{"rendered":"Nomine CdA Atm, la Regione manda gli ispettori"},"content":{"rendered":"<p style=\"text-align: justify;\">Adesso toccher\u00e0 alla Regione fare chiarezza sugli atti, quella stessa chiarezza che \u00e8 mancata nell\u2019arco di tutto questo tempo. L\u2019assessorato regionale agli Enti locali ha inviato gli ispettori all\u2019Atm, che nella giornata di luned\u00ec hanno varcato la soglia dell\u2019azienda di via La Farina per ritirare alcuni documenti in merito alla nomina del nuovo Consiglio d\u2019Amministrazione.<div id=\"div-gpt-ad-Messinaoggi.it-DSK-300x250-corpoart\" style=\"text-align:center;margin:0 auto;\"><\/div><\/p>\n<p style=\"text-align: justify;\">Un\u2019ispezione di routine, scaturita da un\u2019interrogazione dei capigruppo di Dr e Megafono, Nino Carreri e Angelo Burrascano, circa la legittimit\u00e0 dell\u2019atto con cui veniva proclamato il nuovo Cda. Tutto partirebbe dalla delibera\u00a0 approvata dal Consiglio Comunale il 14 febbraio 2012 che mette in stato di liquidazione Atm, atto che sin qui non \u00e8 stato mai annullato e revocato. O meglio ci ha provato l\u2019amministrazione qualche settimana fa, salvo poi ritirare la delibera per alcune incongruenze, ma molto presto gli atti torneranno ad essere discussi in aula.<div id=\"videoincontent\" style=\"clear:both\";><\/div><\/p>\n<p style=\"text-align: justify;\">Si tratta di due delibere che prevede l\u2019adeguamento dell\u2019Atm alla legge Madia, \u00a0gi\u00e0 applicata dall\u2019amministrazione che ha nominato tre consiglieri anzich\u00e9 sette cos\u00ec come previsto dallo Statuto, fino all\u2019abolizione della delibera del 2012 che prevede la messa in liquidazione dell\u2019azienda. Su quest\u2019ultimo punto, l\u2019assessore alla Mobilit\u00e0, Gaetano Cacciola, aveva gi\u00e0 sottolineato: <em>\u201cQuesta delibera nasce dalla necessit\u00e0 di venire incontro al Consiglio Comunale, ci tengo a sottolineare che l\u2019Atm non \u00e8 mai stata in liquidazione \u2013 ha commentato \u2013 c\u2019\u00e8 stato un commissario prima straordinario e poi speciale, che per\u00f2 ha iniziato il proprio lavoro alcuni anni prima della delibera 11 C. Noi per\u00f2 vogliamo fugare ogni dubbio, il Consiglio si sente pi\u00f9 sicuro e l\u2019amministrazione ritirasse ogni ipotesi di messa in liquidazione, noi ci adeguiamo\u201d.<\/em><\/p>\n<p style=\"text-align: justify;\">Nella loro interrogazione, Carreri e Burrascano, sottolineavano che: <em>\u201cAlla base della revoca della liquidazione, i bilanci dell\u2019A.T.M. (Azienda Trasporti Municipalizzata) di Messina, sostanzialmente dovrebbero \u201crispecchiare\u201d una fase di rilancio dell\u2019Azienda \u2013\u00a0 Visti anche i rilievi fatti dalla Procura della Corte dei Conti e dal Collegio dei Revisori dei Conti sulla Societ\u00e0 Partecipata. Ma a tutt\u2019oggi i bilanci pregressi dell\u2019A.T.M. (Azienda Trasporti Municipalizzata) di Messina, non sono stati nemmeno approvati ne tantomeno \u00e8 stata presentata alcuna proposta di delibera di revoca di quella precedente che autorizzava la liquidazione della societ\u00e0 ATM, la 11\/C del 2012 al Consiglio Comunale.\u00a0 Su ci\u00f2 esposto i Consiglieri Comunali sollecitano una risposta immediata all\u2019interrogazione su menzionata cos\u00ec da poter avere contezza dei provvedimenti che intende intraprendere l\u2019Amministrazione Comunale.\u00a0 Quando e se provveder\u00e0 a presentare i bilanci non ancora approvati dell\u2019A.T.M. (Azienda Trasporti Municipalizzata) di Messina che costituiscono documenti contabili necessari per il percorso di revoca della liquidazione della Partecipata A.T.M. e quando l\u2019Amministrazione Comunale porter\u00e0 in visione per l\u2019approvazione, da parte del Consiglio Comunale, la proposta di delibera di revoca per la messa in liquidazione dell\u2019A.T.M\u201d.<\/em> Interrogazione a cui l\u2019amministrazione non ha risposto, cos\u00ec come a quella avanzata dagli stessi consiglieri lo scorso mese di ottobre sempre sullo stesso tema, ma adesso toccher\u00e0 alla Regione valutare se ci sono state irregolarit\u00e0 oppure no.<\/p>\n","protected":false},"excerpt":{"rendered":"<p>Adesso toccher\u00e0 alla Regione fare chiarezza sugli atti, quella stessa chiarezza che \u00e8 mancata nell\u2019arco di tutto questo tempo. L\u2019assessorato regionale agli Enti locali ha inviato gli ispettori all\u2019Atm, che nella giornata di luned\u00ec hanno varcato la soglia dell\u2019azienda di via La Farina per ritirare alcuni documenti in merito alla nomina del nuovo Consiglio d\u2019Amministrazione. [&hellip;]<\/p>\n","protected":false},"author":14,"featured_media":11727,"comment_status":"closed","ping_status":"open","sticky":false,"template":"","format":"standard","meta":{"ub_ctt_via":"","_mi_skip_tracking":false},"categories":[19],"tags":[],"featured_image_src":"https:\/\/www.messinaoggi.it\/website\/wp-content\/uploads\/2017\/11\/Cda-Atm-Accorinti_Foti_Di-Prima_Ciccone_messinaoggiMR.jpg","author_info":{"display_name":"Antonio Macauda","author_link":"https:\/\/www.messinaoggi.it\/website\/author\/a-macauda\/"},"digistream_id":0,"digistream":false,"_links":{"self":[{"href":"https:\/\/www.messinaoggi.it\/website\/wp-json\/wp\/v2\/posts\/17323"}],"collection":[{"href":"https:\/\/www.messinaoggi.it\/website\/wp-json\/wp\/v2\/posts"}],"about":[{"href":"https:\/\/www.messinaoggi.it\/website\/wp-json\/wp\/v2\/types\/post"}],"author":[{"embeddable":true,"href":"https:\/\/www.messinaoggi.it\/website\/wp-json\/wp\/v2\/users\/14"}],"replies":[{"embeddable":true,"href":"https:\/\/www.messinaoggi.it\/website\/wp-json\/wp\/v2\/comments?post=17323"}],"version-history":[{"count":0,"href":"https:\/\/www.messinaoggi.it\/website\/wp-json\/wp\/v2\/posts\/17323\/revisions"}],"wp:featuredmedia":[{"embeddable":true,"href":"https:\/\/www.messinaoggi.it\/website\/wp-json\/wp\/v2\/media\/11727"}],"wp:attachment":[{"href":"https:\/\/www.messinaoggi.it\/website\/wp-json\/wp\/v2\/media?parent=17323"}],"wp:term":[{"taxonomy":"category","embeddable":true,"href":"https:\/\/www.messinaoggi.it\/website\/wp-json\/wp\/v2\/categories?post=17323"},{"taxonomy":"post_tag","embeddable":true,"href":"https:\/\/www.messinaoggi.it\/website\/wp-json\/wp\/v2\/tags?post=17323"}],"curies":[{"name":"wp","href":"https:\/\/api.w.org\/{rel}","templated":true}]}}