{"id":17313,"date":"2018-03-23T16:57:51","date_gmt":"2018-03-23T15:57:51","guid":{"rendered":"http:\/\/www.messinaoggi.it\/website\/?p=17313"},"modified":"2018-03-23T16:57:51","modified_gmt":"2018-03-23T15:57:51","slug":"messina-al-voto-lo-monte-al-centrodestra-non-possiamo-piu-sbagliare","status":"publish","type":"post","link":"https:\/\/www.messinaoggi.it\/website\/2018\/03\/23\/messina-al-voto-lo-monte-al-centrodestra-non-possiamo-piu-sbagliare\/","title":{"rendered":"Messina al voto, Lo Monte al centrodestra: &quot;Non possiamo pi\u00f9 sbagliare&quot;"},"content":{"rendered":"<p style=\"text-align: justify;\">\u201cCirca dieci nomi sono emersi finora, provenienti dalle varie compagini politiche e non. Candidature variegate, diversificate, che sembrano per\u00f2 raccontare pi\u00f9 di persone che di programmi, di filosofie personali pi\u00f9 che di idee di partito. Non sembra emergere o non sembra emerga un\u2019idea programmatica, condivisa e che tenga conto di quanto accaduto nel passato prossimo\u201d. Cos\u00ec il deputato nazionale della Lega, Carmelo Lo Monte<strong>,<\/strong> sulle prossime elezioni amministrative del 10 giugno.<div id=\"div-gpt-ad-Messinaoggi.it-DSK-300x250-corpoart\" style=\"text-align:center;margin:0 auto;\"><\/div><\/p>\n<p style=\"text-align: justify;\">Lo Monte ha aggiunto: \u201cQueste fughe in avanti non reggono la volata di un appuntamento elettorale che verr\u00e0 proiettati i suoi risultati non al giorno dopo lo spoglio delle schede, bens\u00ec ai prossimi cinque anni. Il centro destra ha dimostrato alle elezioni regionali ed alle recenti elezioni politiche che discutendo, programmando, designando insieme, si vince.<div id=\"videoincontent\" style=\"clear:both\";><\/div><\/p>\n<p style=\"text-align: justify;\">Il recente passato ha rivelato che solo una logica\u00a0 di dibattito e dialogo costante, di ponderazione e confronto, genera risultati vincenti a breve e, ci si augura tutti, a lungo termine. Ed allora risulta poco chiaro come, in questo strano paradosso cittadino, prima ancora di chiedersi cosa si voglia fare, dove si voglia arrivare e come ci si voglia arrivare, siano\u00a0 arrivate gi\u00e0 troppe risposte non concordate, non ponderate e, forse, neppure vincenti&#8230;. i candidati propostisi\u201d.<\/p>\n<p style=\"text-align: justify;\">Lo Monte chiede un confronto con i partiti della coalizione: \u00a0\u201cNon si pu\u00f2 omettere un dialogo, sia anche acceso e polemico, all\u2019interno della coalizione di centro destra, riguardo la candidatura a sindaco di Messina. Non si pu\u00f2 e non si deve. Non si deve lasciare spazio alla fretta, alla smania, all\u2019istinto di rispondere, senza prima aver colto il\u00a0 senso vero della domanda. La domanda l\u2019hanno formulata le elezioni di novembre e le recenti elezioni di marzo.<\/p>\n<p style=\"text-align: justify;\">Si chiede un centrodestra unito, che ragiona, dialoga e decide insieme, perch\u00e9 insieme si \u00e8 vinto e, perch\u00e9 no, convinto. Non si sta dicendo che le candidature in essere siano carenti di profili tali da determinare convinte e fiduciose convergenze, ma si sta altres\u00ec facendo presente che le logiche di compagini e compagnie politiche, al contrario dei partiti e delle coalizioni, abbiano spesso portato a risultati inferiori rispetto a quelli aventi base in una coalizione politica.<\/p>\n<p style=\"text-align: justify;\">La Lega conosce il suo ruolo all\u2019interno della coalizione del centrodestra, conosce il suo peso specifico ma soprattutto conosce la sua identit\u00e0, ed \u00e8 pronta a metterla al servizio dei propri alleati e della citt\u00e0 e chiede quindi che al pi\u00f9 presto, la colazione di centrodestra, determinati i punti condivisi di un programma per i prossimi cinque anni e dia mandato al candidato a Sindaco della coalizione, di portarlo ad esecuzione con l\u2019appoggio e la spinta dell\u2019intera coalizione\u201d.<\/p>\n<p><strong>\u00a0\u00a0\u00a0\u00a0\u00a0\u00a0\u00a0 <\/strong><\/p>\n","protected":false},"excerpt":{"rendered":"<p>\u201cCirca dieci nomi sono emersi finora, provenienti dalle varie compagini politiche e non. Candidature variegate, diversificate, che sembrano per\u00f2 raccontare pi\u00f9 di persone che di programmi, di filosofie personali pi\u00f9 che di idee di partito. Non sembra emergere o non sembra emerga un\u2019idea programmatica, condivisa e che tenga conto di quanto accaduto nel passato prossimo\u201d. [&hellip;]<\/p>\n","protected":false},"author":2,"featured_media":15475,"comment_status":"closed","ping_status":"open","sticky":false,"template":"","format":"standard","meta":{"ub_ctt_via":"","_mi_skip_tracking":false},"categories":[4],"tags":[],"featured_image_src":"https:\/\/www.messinaoggi.it\/website\/wp-content\/uploads\/2018\/02\/lo-monte-RRP_2933-1.jpg","author_info":{"display_name":"Redazione","author_link":"https:\/\/www.messinaoggi.it\/website\/author\/redazione\/"},"digistream_id":0,"digistream":false,"_links":{"self":[{"href":"https:\/\/www.messinaoggi.it\/website\/wp-json\/wp\/v2\/posts\/17313"}],"collection":[{"href":"https:\/\/www.messinaoggi.it\/website\/wp-json\/wp\/v2\/posts"}],"about":[{"href":"https:\/\/www.messinaoggi.it\/website\/wp-json\/wp\/v2\/types\/post"}],"author":[{"embeddable":true,"href":"https:\/\/www.messinaoggi.it\/website\/wp-json\/wp\/v2\/users\/2"}],"replies":[{"embeddable":true,"href":"https:\/\/www.messinaoggi.it\/website\/wp-json\/wp\/v2\/comments?post=17313"}],"version-history":[{"count":0,"href":"https:\/\/www.messinaoggi.it\/website\/wp-json\/wp\/v2\/posts\/17313\/revisions"}],"wp:featuredmedia":[{"embeddable":true,"href":"https:\/\/www.messinaoggi.it\/website\/wp-json\/wp\/v2\/media\/15475"}],"wp:attachment":[{"href":"https:\/\/www.messinaoggi.it\/website\/wp-json\/wp\/v2\/media?parent=17313"}],"wp:term":[{"taxonomy":"category","embeddable":true,"href":"https:\/\/www.messinaoggi.it\/website\/wp-json\/wp\/v2\/categories?post=17313"},{"taxonomy":"post_tag","embeddable":true,"href":"https:\/\/www.messinaoggi.it\/website\/wp-json\/wp\/v2\/tags?post=17313"}],"curies":[{"name":"wp","href":"https:\/\/api.w.org\/{rel}","templated":true}]}}