{"id":173122,"date":"2023-10-17T10:16:00","date_gmt":"2023-10-17T08:16:00","guid":{"rendered":"http:\/\/www.messinaoggi.it\/website\/?p=173122"},"modified":"2023-10-17T10:16:02","modified_gmt":"2023-10-17T08:16:02","slug":"dafne-musolino-eletta-presidente-citta-metropolitana-italia-viva","status":"publish","type":"post","link":"https:\/\/www.messinaoggi.it\/website\/2023\/10\/17\/dafne-musolino-eletta-presidente-citta-metropolitana-italia-viva\/","title":{"rendered":"Dafne Musolino eletta Presidente Citt\u00e0 Metropolitana Italia Viva"},"content":{"rendered":"\n<p>Si \u00e8 svolto il congresso provinciale di Italia Viva a Messina che ha eletto il 15 ottobre <strong>Dafne Musolino<\/strong> presidente per la Citt\u00e0 Metropolitana e <strong>Massimo Simeone <\/strong>presidente provinciale. Importante incarico nel territorio quindi per la senatrice ex deluchiana appena passata al soggetto politico di <strong>Matteo Renzi. <\/strong><div id=\"div-gpt-ad-Messinaoggi.it-DSK-300x250-corpoart\" style=\"text-align:center;margin:0 auto;\"><\/div><\/p>\n\n\n\n<p>Deve adesso concludersi il congresso siciliano che confermer\u00e0 con ogni probabilit\u00e0 <strong>Davide Faraone<\/strong> presidente per la Sicilia. <div id=\"videoincontent\" style=\"clear:both\";><\/div><\/p>\n\n\n\n<p>\u201cLa presenza di Italia Viva nella Citt\u00e0 metropolitana e nella provincia di Messina \u00e8 concreta e fattiva. Le elezioni segnano l\u2019inizio di una nuova fase nell\u2019attivit\u00e0 del partito, che intende rendersi interprete delle istanze del territorio e tradurle in azioni ed iniziative concrete. La partecipazione all\u2019assemblea, da parte dei tanti iscritti e di numerosi simpatizzanti, \u00e8 un segnale importante della voglia di fare politica e di partecipare attivamente alle scelte della comunit\u00e0. E in questo senso riteniamo che un contributo fondamentale verr\u00e0 anche da parte dei sostenitori di Italia Viva che, gi\u00e0 da oggi, hanno cominciato ad evidenziare le tante criticit\u00e0 del nostro territorio e i temi sui quali la politica non ha saputo finora fornire soluzioni\u201d hanno commentato i due eletti.<\/p>\n\n\n\n<p>\u201cIntendiamo agire in modo sinergico e coordinato. Sui temi di maggiore interesse quali sanit\u00e0, lavoro, servizi essenziali, ambiente e rifiuti, ci esprimeremo attraverso un preciso coordinamento tra la citt\u00e0 e la provincia, nel quale l\u2019esperienza amministrativa permetter\u00e0 azioni sempre pi\u00f9 incisive sul territorio\u201d hanno infine concluso Simeone e Musolino.<\/p>\n\n\n\n<p><strong>Michele Bruno.<\/strong><\/p>\n","protected":false},"excerpt":{"rendered":"<p>Si \u00e8 svolto il congresso provinciale di Italia Viva a Messina che ha eletto il 15 ottobre Dafne Musolino presidente per la Citt\u00e0 Metropolitana e Massimo Simeone presidente provinciale. Importante incarico nel territorio quindi per la senatrice ex deluchiana appena passata al soggetto politico di Matteo Renzi. Deve adesso concludersi il congresso siciliano che confermer\u00e0 [&hellip;]<\/p>\n","protected":false},"author":123457,"featured_media":128899,"comment_status":"open","ping_status":"open","sticky":false,"template":"","format":"standard","meta":{"ub_ctt_via":"","_mi_skip_tracking":false},"categories":[4,6],"tags":[167,1522,571,8890,8889,7083],"featured_image_src":"https:\/\/www.messinaoggi.it\/website\/wp-content\/uploads\/2022\/11\/dafne-musolino.jpg","author_info":{"display_name":"Michele Bruno","author_link":"https:\/\/www.messinaoggi.it\/website\/author\/michele-bruno\/"},"digistream_id":0,"digistream":false,"_links":{"self":[{"href":"https:\/\/www.messinaoggi.it\/website\/wp-json\/wp\/v2\/posts\/173122"}],"collection":[{"href":"https:\/\/www.messinaoggi.it\/website\/wp-json\/wp\/v2\/posts"}],"about":[{"href":"https:\/\/www.messinaoggi.it\/website\/wp-json\/wp\/v2\/types\/post"}],"author":[{"embeddable":true,"href":"https:\/\/www.messinaoggi.it\/website\/wp-json\/wp\/v2\/users\/123457"}],"replies":[{"embeddable":true,"href":"https:\/\/www.messinaoggi.it\/website\/wp-json\/wp\/v2\/comments?post=173122"}],"version-history":[{"count":2,"href":"https:\/\/www.messinaoggi.it\/website\/wp-json\/wp\/v2\/posts\/173122\/revisions"}],"predecessor-version":[{"id":173126,"href":"https:\/\/www.messinaoggi.it\/website\/wp-json\/wp\/v2\/posts\/173122\/revisions\/173126"}],"wp:featuredmedia":[{"embeddable":true,"href":"https:\/\/www.messinaoggi.it\/website\/wp-json\/wp\/v2\/media\/128899"}],"wp:attachment":[{"href":"https:\/\/www.messinaoggi.it\/website\/wp-json\/wp\/v2\/media?parent=173122"}],"wp:term":[{"taxonomy":"category","embeddable":true,"href":"https:\/\/www.messinaoggi.it\/website\/wp-json\/wp\/v2\/categories?post=173122"},{"taxonomy":"post_tag","embeddable":true,"href":"https:\/\/www.messinaoggi.it\/website\/wp-json\/wp\/v2\/tags?post=173122"}],"curies":[{"name":"wp","href":"https:\/\/api.w.org\/{rel}","templated":true}]}}