{"id":17293,"date":"2018-03-23T12:34:29","date_gmt":"2018-03-23T11:34:29","guid":{"rendered":"http:\/\/www.messinaoggi.it\/website\/?p=17293"},"modified":"2018-03-23T12:34:29","modified_gmt":"2018-03-23T11:34:29","slug":"trischitta-attacca-bramanti-e-razza-150-assunzioni-allirccs-a-febbraio-cosi-si-falsa-la-corsa-elettorale","status":"publish","type":"post","link":"https:\/\/www.messinaoggi.it\/website\/2018\/03\/23\/trischitta-attacca-bramanti-e-razza-150-assunzioni-allirccs-a-febbraio-cosi-si-falsa-la-corsa-elettorale\/","title":{"rendered":"Trischitta attacca Bramanti e Razza: &quot;150 assunzioni all&#039;Irccs a febbraio, cos\u00ec si falsa la corsa elettorale&quot;"},"content":{"rendered":"<p style=\"padding-left: 30px; text-align: justify;\">Nuovo affondo di Giuseppe Trischitta nei confronti di Dino Bramanti, che ormai appare in procinto di sciogliere le proprie riserve come candidato sindaco del centrodestra. Il problema sollevato dal capogruppo di Forza Italia, candidato come primo cittadino per Messina Splendida, pi\u00f9 di natura morale che tecnica e riguarda le assunzioni operate dall\u2019Irccs nelle ultime settimane, grazie al benestare dell\u2019assessore regionale alla Sanit\u00e0, Ruggiero Razza.<div id=\"div-gpt-ad-Messinaoggi.it-DSK-300x250-corpoart\" style=\"text-align:center;margin:0 auto;\"><\/div><\/p>\n<p style=\"padding-left: 30px; text-align: justify;\">Assunzioni che sono in programma da diverso tempo, fin dall\u2019accorpamento dell\u2019Irccs con il Piemonte, cos\u00ec come previsto anche dalla Legge Madia. Trischitta non giudica la legittimit\u00e0 d questi provvedimenti, ma li critica sotto l\u2019aspetto morale e politico.<div id=\"videoincontent\" style=\"clear:both\";><\/div><\/p>\n<p style=\"padding-left: 30px; text-align: justify;\">Per il consigliere comunale, i rapporti consolidati tra Razza e Bramanti sono ormai legati a doppio filo: \u201c<em>C\u2019\u00e8 un\u2019eccessiva collaborazione tra Razza e Bramanti, ci sono incontri sia politici che tecnici. Numerose assunzioni vengono fatte dal momento in cui viene decisa la candidatura di Bramanti. Lui \u00e8 il capo dell\u2019Irccs, svolge il ruolo di direttore scientifico solo per raggiunti limiti d\u2019et\u00e0. I rapporti con Razza sono a doppio binario, la sua candidatura nasce tra dicembre e gennaio con la regia di German\u00e0, Amata, Genovese e l\u2019aiuto di Razza\u201d.<\/em><\/p>\n<p style=\"padding-left: 30px; text-align: justify;\">Trischitta rincara la dose: &#8220;<em>Se si \u00e8 candidati certe cose andrebbero evitate, sono state fatte 150 assunzioni da febbraio ad oggi, partono dal 16 marzo ad oggi e c\u2019\u00e8 anche un consigliere comunale di Messina. Queste delibere sono firmate da lui, gi\u00e0 per questo Bramanti sarebbe ineleggibile. Il 29 gennaio sono assunte 56 unit\u00e0, l\u2019immissione di servizio \u00e8 subordinata all\u2019assessore regionale alla Sanit\u00e0, cio\u00e8 quel Ruggiero Razza che si incontra con Bramanti ogni due giorni. Il problema \u00e8 l\u2019opportunit\u00e0 politica, se Accorinti facesse cento assunzioni in questo periodo sarebbe massacrato da me in primis, qui vale lo stesso\u201d.<\/em><\/p>\n<p style=\"padding-left: 30px; text-align: justify;\">Trischitta spiega i motivi di un\u2019eventuale ineleggibilit\u00e0 di Bramanti: \u201c<em>La sua \u00e8 un\u2019ineleggibilit\u00e0 morale, sto studiando le carte per valutare l\u2019ineleggibilit\u00e0 giuridica, lui non pu\u00f2 vivere nella sua nicchia di potere. Io posso pensare che queste persone si possano schierare con Bramanti per riconoscenza, questo falsa le elezioni perch\u00e9 non stiamo partendo tutti dallo stesso punto, anzi chiedo a Cateno De Luca di avanzare le stesse richieste, perch\u00e9 anche lui come me sta facendo campagna elettorale regolarmente tra la gente. Razza? \u00c8 vergognoso che trattenga questi incontri con Bramanti in cui si parla di candidature e non solo\u201d.<\/em><\/p>\n","protected":false},"excerpt":{"rendered":"<p>Nuovo affondo di Giuseppe Trischitta nei confronti di Dino Bramanti, che ormai appare in procinto di sciogliere le proprie riserve come candidato sindaco del centrodestra. Il problema sollevato dal capogruppo di Forza Italia, candidato come primo cittadino per Messina Splendida, pi\u00f9 di natura morale che tecnica e riguarda le assunzioni operate dall\u2019Irccs nelle ultime settimane, [&hellip;]<\/p>\n","protected":false},"author":14,"featured_media":17298,"comment_status":"closed","ping_status":"open","sticky":false,"template":"","format":"standard","meta":{"ub_ctt_via":"","_mi_skip_tracking":false},"categories":[6],"tags":[],"featured_image_src":"https:\/\/www.messinaoggi.it\/website\/wp-content\/uploads\/2018\/03\/conf-stampa-trischittaRRP_6805-1.jpg","author_info":{"display_name":"Antonio Macauda","author_link":"https:\/\/www.messinaoggi.it\/website\/author\/a-macauda\/"},"digistream_id":0,"digistream":false,"_links":{"self":[{"href":"https:\/\/www.messinaoggi.it\/website\/wp-json\/wp\/v2\/posts\/17293"}],"collection":[{"href":"https:\/\/www.messinaoggi.it\/website\/wp-json\/wp\/v2\/posts"}],"about":[{"href":"https:\/\/www.messinaoggi.it\/website\/wp-json\/wp\/v2\/types\/post"}],"author":[{"embeddable":true,"href":"https:\/\/www.messinaoggi.it\/website\/wp-json\/wp\/v2\/users\/14"}],"replies":[{"embeddable":true,"href":"https:\/\/www.messinaoggi.it\/website\/wp-json\/wp\/v2\/comments?post=17293"}],"version-history":[{"count":0,"href":"https:\/\/www.messinaoggi.it\/website\/wp-json\/wp\/v2\/posts\/17293\/revisions"}],"wp:featuredmedia":[{"embeddable":true,"href":"https:\/\/www.messinaoggi.it\/website\/wp-json\/wp\/v2\/media\/17298"}],"wp:attachment":[{"href":"https:\/\/www.messinaoggi.it\/website\/wp-json\/wp\/v2\/media?parent=17293"}],"wp:term":[{"taxonomy":"category","embeddable":true,"href":"https:\/\/www.messinaoggi.it\/website\/wp-json\/wp\/v2\/categories?post=17293"},{"taxonomy":"post_tag","embeddable":true,"href":"https:\/\/www.messinaoggi.it\/website\/wp-json\/wp\/v2\/tags?post=17293"}],"curies":[{"name":"wp","href":"https:\/\/api.w.org\/{rel}","templated":true}]}}