{"id":172835,"date":"2023-10-14T16:08:00","date_gmt":"2023-10-14T14:08:00","guid":{"rendered":"https:\/\/www.messinaoggi.it\/website\/2023\/10\/14\/bonomi-bene-manovra-ma-occorre-aggredire-la-spesa-pubblica\/"},"modified":"2023-10-14T18:22:06","modified_gmt":"2023-10-14T16:22:06","slug":"bonomi-bene-manovra-ma-occorre-aggredire-la-spesa-pubblica","status":"publish","type":"post","link":"https:\/\/www.messinaoggi.it\/website\/2023\/10\/14\/bonomi-bene-manovra-ma-occorre-aggredire-la-spesa-pubblica\/","title":{"rendered":"Bonomi \u201cBene manovra, ma occorre aggredire la spesa pubblica\u201d"},"content":{"rendered":"<div>CAPRI (NAPOLI) (ITALPRESS) &#8211; &#8220;E&#8217; una manovra che ha dimostrato ragionevolezza, quindi ovviamente questo \u00e8 un punto di merito&#8221;. Cos\u00ec il presidente di Confindustria, Carlo Bonomi, nel suo intervento conclusivo all&#8217;assemblea dei Giovani Imprenditori di Confindustria a Capri.<br \/>Bonomi sottolinea che la manovra &#8220;contiene molti interventi congiunturali ancorch\u00e8 interventi che noi auspicavano&#8221;, come &#8220;la riconferma del taglio contributivo del nucleo fiscale che per\u00f2 \u00e8 ancora congiunturale&#8221;. E aggiunge: &#8220;Se vogliamo fare interventi strutturali occorre aggredire la spesa pubblica&#8221;, altrimenti &#8220;\u00e8 difficile trovare risorse&#8221;.<br \/>&#8211; Foto Agenzia Fotogramma &#8211;<br \/>(ITALPRESS).<\/div>\n<div id=\"div-gpt-ad-Messinaoggi.it-DSK-300x250-corpoart\" style=\"text-align:center;margin:0 auto;\"><\/div><\/p><div id=\"videoincontent\" style=\"clear:both\";><\/div>","protected":false},"excerpt":{"rendered":"<p>CAPRI (NAPOLI) (ITALPRESS) &#8211; &#8220;E&#8217; una manovra che ha dimostrato ragionevolezza, quindi ovviamente questo \u00e8 un punto di merito&#8221;. Cos\u00ec il presidente di Confindustria, Carlo Bonomi, nel suo intervento conclusivo all&#8217;assemblea dei Giovani Imprenditori di Confindustria a Capri.Bonomi sottolinea che la manovra &#8220;contiene molti interventi congiunturali ancorch\u00e8 interventi che noi auspicavano&#8221;, come &#8220;la riconferma del [&hellip;]<\/p>\n","protected":false},"author":18,"featured_media":172836,"comment_status":"closed","ping_status":"closed","sticky":false,"template":"","format":"standard","meta":{"ub_ctt_via":"","_mi_skip_tracking":false},"categories":[446,6],"tags":[783],"featured_image_src":"https:\/\/www.messinaoggi.it\/website\/wp-content\/uploads\/2023\/10\/20231014_0786.jpg","author_info":{"display_name":"Admin","author_link":"https:\/\/www.messinaoggi.it\/website\/author\/admin\/"},"digistream_id":0,"digistream":false,"_links":{"self":[{"href":"https:\/\/www.messinaoggi.it\/website\/wp-json\/wp\/v2\/posts\/172835"}],"collection":[{"href":"https:\/\/www.messinaoggi.it\/website\/wp-json\/wp\/v2\/posts"}],"about":[{"href":"https:\/\/www.messinaoggi.it\/website\/wp-json\/wp\/v2\/types\/post"}],"author":[{"embeddable":true,"href":"https:\/\/www.messinaoggi.it\/website\/wp-json\/wp\/v2\/users\/18"}],"replies":[{"embeddable":true,"href":"https:\/\/www.messinaoggi.it\/website\/wp-json\/wp\/v2\/comments?post=172835"}],"version-history":[{"count":1,"href":"https:\/\/www.messinaoggi.it\/website\/wp-json\/wp\/v2\/posts\/172835\/revisions"}],"predecessor-version":[{"id":172840,"href":"https:\/\/www.messinaoggi.it\/website\/wp-json\/wp\/v2\/posts\/172835\/revisions\/172840"}],"wp:featuredmedia":[{"embeddable":true,"href":"https:\/\/www.messinaoggi.it\/website\/wp-json\/wp\/v2\/media\/172836"}],"wp:attachment":[{"href":"https:\/\/www.messinaoggi.it\/website\/wp-json\/wp\/v2\/media?parent=172835"}],"wp:term":[{"taxonomy":"category","embeddable":true,"href":"https:\/\/www.messinaoggi.it\/website\/wp-json\/wp\/v2\/categories?post=172835"},{"taxonomy":"post_tag","embeddable":true,"href":"https:\/\/www.messinaoggi.it\/website\/wp-json\/wp\/v2\/tags?post=172835"}],"curies":[{"name":"wp","href":"https:\/\/api.w.org\/{rel}","templated":true}]}}