{"id":17275,"date":"2018-03-23T08:34:51","date_gmt":"2018-03-23T07:34:51","guid":{"rendered":"http:\/\/www.messinaoggi.it\/website\/?p=17275"},"modified":"2018-03-23T08:34:51","modified_gmt":"2018-03-23T07:34:51","slug":"musumeci-in-crisi-de-luca-dialogo-prima-rompa-con-il-passato","status":"publish","type":"post","link":"https:\/\/www.messinaoggi.it\/website\/2018\/03\/23\/musumeci-in-crisi-de-luca-dialogo-prima-rompa-con-il-passato\/","title":{"rendered":"Musumeci in crisi, De Luca: &quot;Dialogo? prima rompa con il passato&quot;"},"content":{"rendered":"<p style=\"text-align: justify;\">&#8220;Se il Presidente Musumeci vuole il mio sostegno, e credo quello di tanti altri parlamentari in Assemblea, deve fare una scelta netta di rottura col passato, semplicemente attenendosi al programma che il centro destra ha sottoposto agli elettori.<br \/>\nIl banco di prova sar\u00e0 per lui la gestione delle partecipate e lo stop a quello che non pu\u00f2 che essere definito come un tentativo di assalto alla diligenza, per altro gi\u00e0 piuttosto ammaccata e traballante\u201d.<br \/>\nCateno De Luca, deputato regionale di Sicilia Vera, accompagna con queste parole la presentazione all\u2019ARS di una mozione proprio sul tema delle aziende partecipate e degli enti controllati, riferito in particolare ai tentativi di queste ultime settimane di far transitare nel bacino dei lavoratori tutelati anche tutti quelli che sono stati assunti dal 2010 \u201cin piena ed evidente violazione della legge e della trasparenza\u201d.<br \/>\nDe Luca non ha partecipato all&#8217;ultima conferenza dei Capigruppo &#8220;in attesa di conoscere il contenuto della finanziaria.&#8221;<br \/>\nDe Luca ricorda che a partire dal 2007, sotto il Governo Lombardo, \u00e8 stata avviata una regolamentazione del settore ed un riordino delle partecipazioni, introducendo anche, con legge del 2010 il blocco delle assunzioni nelle partecipate ed importanti obblighi relativi alla trasparenza.<br \/>\n\u201cTutta quella normativa \u2013 ricorda De Luca \u2013 nasceva dal fatto che era ormai evidente che il bilancio regionale era viziato da oltre 5 miliardi di debiti delle partecipate e che era ormai irrimandabile mettere un punto fermo, anche rispetto alla mancanza di responsabilit\u00e0 della dirigenza.\u201d<br \/>\n\u201cLa fondatezza di quella norma \u2013 prosegue De Luca \u2013 \u00e8 testimoniata dal fatto che il Governo Crocetta non l\u2019ha mai rispettata, favorendo comportamenti illeciti da parte della Dirigenza degli enti controllati ed arrivando poi addirittura a proporre la cancellazione della legge del 2010, come avvenuto con la finanziaria di agosto 2017.\u201d<br \/>\n\u201cPurtroppo oggi i segnali che arrivano dal Presidente Musumeci mi sembrano troppo in continuit\u00e0 con quello di Crocetta, con la Giunta che manda in Assemblea una proposta di Bilancio consolidato che ignora i dati di oltre cento enti controllati con bilanci da oltre un miliardo di euro e che propone sanatorie generalizzate rispetto al personale assunto illegittimamente dalle partecipate.\u201d<br \/>\nCon la sua Mozione, De Luca, chiede di impegnare il Governo al rispetto immediato di quanto era gi\u00e0 stato deciso rispetto ai dipendenti delle partecipante, avviando finalmente ad un lavoro produttivo quello che era in servizio nel 2009 o che \u00e8 stato assunto dopo a seguito di sentenze del Giudice del Lavoro.<br \/>\n\u201cL\u2019ho gi\u00e0 detto ieri \u2013 conclude De Luca \u2013 e non posso che ribadirlo: se Musumeci vuole il mio sostegno faccia una chiara scelta: a fianco dei siciliani e per la legalit\u00e0, facendo propri questi concetti basilari di giustizia sociale. L&#8217;alternativa \u00e8 che la prossima finanziaria sia come un Vietnam.&#8221;<div id=\"div-gpt-ad-Messinaoggi.it-DSK-300x250-corpoart\" style=\"text-align:center;margin:0 auto;\"><\/div><\/p>\n<div id=\"videoincontent\" style=\"clear:both\";><\/div>","protected":false},"excerpt":{"rendered":"<p>&#8220;Se il Presidente Musumeci vuole il mio sostegno, e credo quello di tanti altri parlamentari in Assemblea, deve fare una scelta netta di rottura col passato, semplicemente attenendosi al programma che il centro destra ha sottoposto agli elettori. Il banco di prova sar\u00e0 per lui la gestione delle partecipate e lo stop a quello che [&hellip;]<\/p>\n","protected":false},"author":2,"featured_media":17030,"comment_status":"closed","ping_status":"open","sticky":false,"template":"","format":"standard","meta":{"ub_ctt_via":"","_mi_skip_tracking":false},"categories":[11],"tags":[],"featured_image_src":"https:\/\/www.messinaoggi.it\/website\/wp-content\/uploads\/2018\/03\/Cateno-De-Luca-a-Messina-10-696x461-2.jpg","author_info":{"display_name":"Redazione","author_link":"https:\/\/www.messinaoggi.it\/website\/author\/redazione\/"},"digistream_id":0,"digistream":false,"_links":{"self":[{"href":"https:\/\/www.messinaoggi.it\/website\/wp-json\/wp\/v2\/posts\/17275"}],"collection":[{"href":"https:\/\/www.messinaoggi.it\/website\/wp-json\/wp\/v2\/posts"}],"about":[{"href":"https:\/\/www.messinaoggi.it\/website\/wp-json\/wp\/v2\/types\/post"}],"author":[{"embeddable":true,"href":"https:\/\/www.messinaoggi.it\/website\/wp-json\/wp\/v2\/users\/2"}],"replies":[{"embeddable":true,"href":"https:\/\/www.messinaoggi.it\/website\/wp-json\/wp\/v2\/comments?post=17275"}],"version-history":[{"count":0,"href":"https:\/\/www.messinaoggi.it\/website\/wp-json\/wp\/v2\/posts\/17275\/revisions"}],"wp:featuredmedia":[{"embeddable":true,"href":"https:\/\/www.messinaoggi.it\/website\/wp-json\/wp\/v2\/media\/17030"}],"wp:attachment":[{"href":"https:\/\/www.messinaoggi.it\/website\/wp-json\/wp\/v2\/media?parent=17275"}],"wp:term":[{"taxonomy":"category","embeddable":true,"href":"https:\/\/www.messinaoggi.it\/website\/wp-json\/wp\/v2\/categories?post=17275"},{"taxonomy":"post_tag","embeddable":true,"href":"https:\/\/www.messinaoggi.it\/website\/wp-json\/wp\/v2\/tags?post=17275"}],"curies":[{"name":"wp","href":"https:\/\/api.w.org\/{rel}","templated":true}]}}