{"id":172625,"date":"2023-10-13T09:53:16","date_gmt":"2023-10-13T07:53:16","guid":{"rendered":"http:\/\/www.messinaoggi.it\/website\/?p=172625"},"modified":"2023-10-13T09:53:16","modified_gmt":"2023-10-13T07:53:16","slug":"karate-jonathan-grillo-vince-titolo-europeo-kata-children","status":"publish","type":"post","link":"https:\/\/www.messinaoggi.it\/website\/2023\/10\/13\/karate-jonathan-grillo-vince-titolo-europeo-kata-children\/","title":{"rendered":"Karate, Jonathan Grillo vince titolo europeo kata children"},"content":{"rendered":"\n<p>L&#8217; A.S.D. Bushido Tiger di Al\u00ec Terme , guidata dal Maestro <strong>Emanuele Sparacino <\/strong>V\u00b0 Dan di Karate, si \u00e8 presentata all&#8217; Europeo WTKU che si \u00e8 svolto a Rimini dal 5 al 8 Ottobre 2023.<div id=\"div-gpt-ad-Messinaoggi.it-DSK-300x250-corpoart\" style=\"text-align:center;margin:0 auto;\"><\/div><\/p>\n\n\n\n<p><strong>Antonino D&#8217;Arrigo<\/strong>, cat. Juniores cintura Marrone 3\u00b0 Kyu , purtroppo non riesce a prendere il podio nella specialit\u00e0 Kata e nemmeno nei Kumite come invece \u00e8 sua consuetudine fare.<div id=\"videoincontent\" style=\"clear:both\";><\/div><\/p>\n\n\n\n<p><strong>Angelica Sparacino<\/strong>, cat. Children cintura Marrone 3\u00b0 kyu, non riesce ad andare oltre i quarti di finale nella specialit\u00e0 Kata e sfiora la semifinale nei Kumite. <\/p>\n\n\n\n<p><strong>Danilo Abbate<\/strong>, cat. Children cintura Verde 6\u00b0 kyu, non va oltre gli ottavi di finale per un suo errore nel Kata. Sicuramente senza quell&#8217;errore avrebbe superato gli ottavi. Anche nel Kumite non va oltre gli ottavi di finale questa volta per un&#8217;ammonizione ingiusta, perdendo l&#8217;incontro.<\/p>\n\n\n\n<figure class=\"wp-block-image size-large\"><img loading=\"lazy\" width=\"768\" height=\"1024\" src=\"http:\/\/www.messinaoggi.it\/website\/wp-content\/uploads\/2023\/10\/IMG-20231012-WA0052-768x1024.jpg\" alt=\"\" class=\"wp-image-172628\" srcset=\"https:\/\/www.messinaoggi.it\/website\/wp-content\/uploads\/2023\/10\/IMG-20231012-WA0052-768x1024.jpg 768w, https:\/\/www.messinaoggi.it\/website\/wp-content\/uploads\/2023\/10\/IMG-20231012-WA0052-225x300.jpg 225w, https:\/\/www.messinaoggi.it\/website\/wp-content\/uploads\/2023\/10\/IMG-20231012-WA0052-1152x1536.jpg 1152w, https:\/\/www.messinaoggi.it\/website\/wp-content\/uploads\/2023\/10\/IMG-20231012-WA0052.jpg 1200w\" sizes=\"(max-width: 768px) 100vw, 768px\" \/><figcaption>Jonathan Grillo con la coppa<\/figcaption><\/figure>\n\n\n\n<p><strong>Jonathan Grillo<\/strong>, cat. Children cintura Gialla 8\u00b0 kyu, tiene alto il nome della Bushido Tiger arrivando in finale nel Kata, contro un lituano. Vincendo nettamente lo scontro si aggiudica il primo posto ed il titolo di Campione Europeo children Kata 2023. Il piccolo tigrotto non finisce di stupire e nei Kumite riesce a battere tutti, trovandosi nuovamente in finale contro lo stesso avversario lituano dei Kata, questa volta per\u00f2 perdendo per un wazari (punto) in pi\u00f9, aggiudicandosi cos\u00ec il secondo posto e il titolo di vice Campione Europeo Children di Kumite 2023.<\/p>\n\n\n\n<p>\u00c8 motivo di grande orgoglio per il suo maestro, per la sua famiglia e anche per la riviera Jonica, perch\u00e9 il piccolo Grillo \u00e8 stato l&#8217;unico Italiano tra tutte le categorie (da Children a Seniores) a portare a casa il titolo di Campione Europeo.<\/p>\n","protected":false},"excerpt":{"rendered":"<p>L&#8217; A.S.D. Bushido Tiger di Al\u00ec Terme , guidata dal Maestro Emanuele Sparacino V\u00b0 Dan di Karate, si \u00e8 presentata all&#8217; Europeo WTKU che si \u00e8 svolto a Rimini dal 5 al 8 Ottobre 2023. Antonino D&#8217;Arrigo, cat. Juniores cintura Marrone 3\u00b0 Kyu , purtroppo non riesce a prendere il podio nella specialit\u00e0 Kata e [&hellip;]<\/p>\n","protected":false},"author":15,"featured_media":172629,"comment_status":"open","ping_status":"open","sticky":false,"template":"","format":"standard","meta":{"ub_ctt_via":"","_mi_skip_tracking":false},"categories":[8,9],"tags":[4150,8874,8873,4603,8875],"featured_image_src":"https:\/\/www.messinaoggi.it\/website\/wp-content\/uploads\/2023\/10\/IMG-20231012-WA0053.jpg","author_info":{"display_name":"red.me","author_link":"https:\/\/www.messinaoggi.it\/website\/author\/red-me\/"},"digistream_id":0,"digistream":false,"_links":{"self":[{"href":"https:\/\/www.messinaoggi.it\/website\/wp-json\/wp\/v2\/posts\/172625"}],"collection":[{"href":"https:\/\/www.messinaoggi.it\/website\/wp-json\/wp\/v2\/posts"}],"about":[{"href":"https:\/\/www.messinaoggi.it\/website\/wp-json\/wp\/v2\/types\/post"}],"author":[{"embeddable":true,"href":"https:\/\/www.messinaoggi.it\/website\/wp-json\/wp\/v2\/users\/15"}],"replies":[{"embeddable":true,"href":"https:\/\/www.messinaoggi.it\/website\/wp-json\/wp\/v2\/comments?post=172625"}],"version-history":[{"count":3,"href":"https:\/\/www.messinaoggi.it\/website\/wp-json\/wp\/v2\/posts\/172625\/revisions"}],"predecessor-version":[{"id":172630,"href":"https:\/\/www.messinaoggi.it\/website\/wp-json\/wp\/v2\/posts\/172625\/revisions\/172630"}],"wp:featuredmedia":[{"embeddable":true,"href":"https:\/\/www.messinaoggi.it\/website\/wp-json\/wp\/v2\/media\/172629"}],"wp:attachment":[{"href":"https:\/\/www.messinaoggi.it\/website\/wp-json\/wp\/v2\/media?parent=172625"}],"wp:term":[{"taxonomy":"category","embeddable":true,"href":"https:\/\/www.messinaoggi.it\/website\/wp-json\/wp\/v2\/categories?post=172625"},{"taxonomy":"post_tag","embeddable":true,"href":"https:\/\/www.messinaoggi.it\/website\/wp-json\/wp\/v2\/tags?post=172625"}],"curies":[{"name":"wp","href":"https:\/\/api.w.org\/{rel}","templated":true}]}}