{"id":17253,"date":"2018-03-22T12:52:05","date_gmt":"2018-03-22T11:52:05","guid":{"rendered":"http:\/\/www.messinaoggi.it\/website\/?p=17253"},"modified":"2018-03-22T12:52:05","modified_gmt":"2018-03-22T11:52:05","slug":"casa-serena-ex-lavoratori-continuano-loccupazione-dellaula-consiliare","status":"publish","type":"post","link":"https:\/\/www.messinaoggi.it\/website\/2018\/03\/22\/casa-serena-ex-lavoratori-continuano-loccupazione-dellaula-consiliare\/","title":{"rendered":"Casa Serena, ex lavoratori continuano l&#039;occupazione dell&#039;aula consiliare"},"content":{"rendered":"<p style=\"text-align: justify\">Hanno trascorso la notte nella sala consiliare di Palazzo Zanca gli ex lavoratori di Casa Serena, che da ieri pomeriggio si sono barricati per protesta dopo la seduta della commissione consiliare. La nottata \u00e8 trascorsa, gli occupanti non hanno intenzione di mollare le tende e tornare nelle loro case, ma la loro presenza non ha impedito il regolare svolgimento dei lavori delle commissioni. Questi undici operatori chiedono il rispetto del protocollo d\u2019intesa firmato dall\u2019ex assessore ai Servizi Sociali, Nino Mantineo, e dai sindacati, nell\u2019estate del 2014, quando \u00e8 stato necessario un taglio del personale per via della riduzione degli ospiti nella struttura di Montepiselli, che doveva ricevere alcuni interventi di manutenzione.<div id=\"div-gpt-ad-Messinaoggi.it-DSK-300x250-corpoart\" style=\"text-align:center;margin:0 auto;\"><\/div><\/p>\n<p style=\"text-align: justify\">35 lavoratori si sono riqualificati e hanno avuto un impiego in altri settori del comparto, per chi ha scelto una via diversa c\u2019\u00e8 stato l\u2019inizio di una lunga immobilit\u00e0 lavorativa, nella speranza che presto o tardi si riaprissero le porte di Casa Serena. Ma cos\u00ec non \u00e8 stato, ma la denuncia che fanno questi lavoratori riguarda l\u2019utilizzo di nuovo personale all\u2019interno della struttura, azione che di fatto ha scavalcato, se non invalidato, quanto messo nero su bianco quattro anni fa. L\u2019assessore allo sviluppo economico, Guido Signorino, ieri sera ha detto che porter\u00e0 la questione in Giunta marted\u00ec, su suggerimento del consigliere comunale Alessandro La Cava, rimasto fino a notte fonda al fianco dei lavoratori, si potrebbe scegliere la strada della solidariet\u00e0 sociale.<div id=\"videoincontent\" style=\"clear:both\";><\/div><\/p>\n<p style=\"text-align: justify\">Vale a dire quella di riunire in un tavolo tecnico tutti gli amministratori delle cooperative, chiamati ad utilizzare per i prossimi mesi questi lavoratori, diminuendo le ore a disposizione di chi gi\u00e0 lavora, un piccolo sacrificio per un\u2019equa spartizione del lavoro in attesa che, con lo sblocco dei nuovi fondi PAC, coloro che oggi protestano ritornerebbero a Casa Serena. Ma intanto la protesta proseguir\u00e0 a tempo indeterminato: <em>\u201cL\u2019amministrazione puntualmente \u00e8 assente o disattende le promesse \u2013 ha dichiarato Giuseppe Stella, ex lavoratore di Casa Serena \u2013 questo protocollo d\u2019intesa prevedeva l\u2019impegno dell\u2019amministrazione di un reimpiego o di una reintegrazione. Il problema \u00e8 che da Casa Serena vi sono state delle uscite, alcuni lavoratori non ci sono pi\u00f9 ma non siamo stati richiamati e al nostro posto sono state assunte altre persone. Noi chiediamo risposte all\u2019amministrazione, vogliamo sapere perch\u00e9 le cose sono andate cos\u00ec\u201d.<\/em><\/p>\n","protected":false},"excerpt":{"rendered":"<p>Hanno trascorso la notte nella sala consiliare di Palazzo Zanca gli ex lavoratori di Casa Serena, che da ieri pomeriggio si sono barricati per protesta dopo la seduta della commissione consiliare. La nottata \u00e8 trascorsa, gli occupanti non hanno intenzione di mollare le tende e tornare nelle loro case, ma la loro presenza non ha [&hellip;]<\/p>\n","protected":false},"author":14,"featured_media":17254,"comment_status":"closed","ping_status":"open","sticky":false,"template":"","format":"standard","meta":{"ub_ctt_via":"","_mi_skip_tracking":false},"categories":[6],"tags":[],"featured_image_src":"https:\/\/www.messinaoggi.it\/website\/wp-content\/uploads\/2018\/03\/casa-serena-2-1.jpg","author_info":{"display_name":"Antonio Macauda","author_link":"https:\/\/www.messinaoggi.it\/website\/author\/a-macauda\/"},"digistream_id":0,"digistream":false,"_links":{"self":[{"href":"https:\/\/www.messinaoggi.it\/website\/wp-json\/wp\/v2\/posts\/17253"}],"collection":[{"href":"https:\/\/www.messinaoggi.it\/website\/wp-json\/wp\/v2\/posts"}],"about":[{"href":"https:\/\/www.messinaoggi.it\/website\/wp-json\/wp\/v2\/types\/post"}],"author":[{"embeddable":true,"href":"https:\/\/www.messinaoggi.it\/website\/wp-json\/wp\/v2\/users\/14"}],"replies":[{"embeddable":true,"href":"https:\/\/www.messinaoggi.it\/website\/wp-json\/wp\/v2\/comments?post=17253"}],"version-history":[{"count":0,"href":"https:\/\/www.messinaoggi.it\/website\/wp-json\/wp\/v2\/posts\/17253\/revisions"}],"wp:featuredmedia":[{"embeddable":true,"href":"https:\/\/www.messinaoggi.it\/website\/wp-json\/wp\/v2\/media\/17254"}],"wp:attachment":[{"href":"https:\/\/www.messinaoggi.it\/website\/wp-json\/wp\/v2\/media?parent=17253"}],"wp:term":[{"taxonomy":"category","embeddable":true,"href":"https:\/\/www.messinaoggi.it\/website\/wp-json\/wp\/v2\/categories?post=17253"},{"taxonomy":"post_tag","embeddable":true,"href":"https:\/\/www.messinaoggi.it\/website\/wp-json\/wp\/v2\/tags?post=17253"}],"curies":[{"name":"wp","href":"https:\/\/api.w.org\/{rel}","templated":true}]}}