{"id":172457,"date":"2023-10-11T20:28:07","date_gmt":"2023-10-11T18:28:07","guid":{"rendered":"http:\/\/www.messinaoggi.it\/website\/?p=172457"},"modified":"2023-10-11T20:28:21","modified_gmt":"2023-10-11T18:28:21","slug":"caronte-tourist-stop-ai-servizi-per-le-isole","status":"publish","type":"post","link":"https:\/\/www.messinaoggi.it\/website\/2023\/10\/11\/caronte-tourist-stop-ai-servizi-per-le-isole\/","title":{"rendered":"&#8220;Caronte &#038; Tourist&#8221;: stop ai servizi per le isole"},"content":{"rendered":"\n<p>Caronte &amp; Tourist Isole Minori annuncia la cessazione dei servizi: \u201cDobbiamo purtroppo rappresentare l\u2019impossibilit\u00e0 di assumere nuovi impegni contrattuali a fronte delle modalit\u00e0 di attuazione \u2013 da parte del Pm e della GdF delegata \u2013 del sequestro preventivo disposto a nostro carico con decreto del 23 maggio scorso, emesso dal gip del Tribunale di Messina\u201d. Cos\u00ec, in una lettera, la Caronte ha risposto, per il tramite del consorzio SNS, all\u2019assessorato regionale delle Infrastrutture e della Mobilit\u00e0 che aveva urgentemente invitato la societ\u00e0 a dare il proprio assenso all\u2019inserimento dei servizi integrativi regionali a mezzo nave traghetto per le tratte con le isole Eolie, Egadi, Ustica e Pantelleria come estensione della convenzione col ministero dei Trasporti a partire dall\u201911 ottobre.<br>Caronte ripercorre le tappe di una vicenda che \u201ctrae origine dal sequestro, avvenuto lo scorso giugno, di beni immobili, navi, crediti e partecipazioni per una cifra totale di quasi 29 milioni di euro con contestuale fermo di tre navi \u2013 sia pur munite di tutte le certificazioni di legge \u2013 adibite ai servizi regionali. Va ricordato che a ci\u00f2 era seguita la risoluzione anticipata per \u201cimpossibilit\u00e0 sopravvenuta\u201d dei contratti con la Regione per le linee verso le Eolie, le Egadi e Ustica, assicurandosi tuttavia una prosecuzione del servizio con altre navi fino al 30 settembre, in regime di libero mercato, ossia senza percepire alcun contributo pubblico. Ci\u00f2, per non creare ulteriori disagi alle comunit\u00e0 isolane e nel contempo per consentire alla Regione di avviare le procedure necessarie affinch\u00e9 il trasporto verso le isole minori potesse essere regolarizzato. Cosa che la Regione ha prontamente posto in essere, indicendo le relative gare d\u2019appalto e inviando le richieste di manifestazione d\u2019interesse che per\u00f2 \u2013 per quanto se ne sa \u2013 non hanno avuto seguito\u201d.<br>\u201cA impedire alla societ\u00e0 l\u2019assunzione di nuovi impegni con l\u2019ente regionale \u2013 dice ancora Caronte &amp; Tourist \u2013 in una situazione comunque delicata e complessa \u00e8 stata un\u2019ulteriore iniziativa \u2013 sempre della GdF d\u2019intesa con il pm responsabile dell\u2019esecuzione della misura \u2013 che ha visto sequestrare un\u2019ulteriore somma in denaro di 2,8 milioni di euro che la Regione si accingeva a pagare all\u2019azienda messinese per i servizi resi nel secondo trimestre del 2023 per i lotti relativi a Pantelleria e alle Pelagie (non interessate dal procedimento penale), al contempo liberando l\u2019equivalente valore di una delle navi sequestrate (il cui utilizzo \u00e8 rimasto comunque inibito)\u201d.<div id=\"div-gpt-ad-Messinaoggi.it-DSK-300x250-corpoart\" style=\"text-align:center;margin:0 auto;\"><\/div><\/p>\n<div id=\"videoincontent\" style=\"clear:both\";><\/div>","protected":false},"excerpt":{"rendered":"<p>Caronte &amp; Tourist Isole Minori annuncia la cessazione dei servizi: \u201cDobbiamo purtroppo rappresentare l\u2019impossibilit\u00e0 di assumere nuovi impegni contrattuali a fronte delle modalit\u00e0 di attuazione \u2013 da parte del Pm e della GdF delegata \u2013 del sequestro preventivo disposto a nostro carico con decreto del 23 maggio scorso, emesso dal gip del Tribunale di Messina\u201d. [&hellip;]<\/p>\n","protected":false},"author":4,"featured_media":56786,"comment_status":"open","ping_status":"open","sticky":false,"template":"","format":"standard","meta":{"ub_ctt_via":"","_mi_skip_tracking":false},"categories":[19],"tags":[146,1227],"featured_image_src":"https:\/\/www.messinaoggi.it\/website\/wp-content\/uploads\/2021\/03\/caronte-tourist-traghetto.jpg","author_info":{"display_name":"redme","author_link":"https:\/\/www.messinaoggi.it\/website\/author\/redme\/"},"digistream_id":0,"digistream":false,"_links":{"self":[{"href":"https:\/\/www.messinaoggi.it\/website\/wp-json\/wp\/v2\/posts\/172457"}],"collection":[{"href":"https:\/\/www.messinaoggi.it\/website\/wp-json\/wp\/v2\/posts"}],"about":[{"href":"https:\/\/www.messinaoggi.it\/website\/wp-json\/wp\/v2\/types\/post"}],"author":[{"embeddable":true,"href":"https:\/\/www.messinaoggi.it\/website\/wp-json\/wp\/v2\/users\/4"}],"replies":[{"embeddable":true,"href":"https:\/\/www.messinaoggi.it\/website\/wp-json\/wp\/v2\/comments?post=172457"}],"version-history":[{"count":1,"href":"https:\/\/www.messinaoggi.it\/website\/wp-json\/wp\/v2\/posts\/172457\/revisions"}],"predecessor-version":[{"id":172458,"href":"https:\/\/www.messinaoggi.it\/website\/wp-json\/wp\/v2\/posts\/172457\/revisions\/172458"}],"wp:featuredmedia":[{"embeddable":true,"href":"https:\/\/www.messinaoggi.it\/website\/wp-json\/wp\/v2\/media\/56786"}],"wp:attachment":[{"href":"https:\/\/www.messinaoggi.it\/website\/wp-json\/wp\/v2\/media?parent=172457"}],"wp:term":[{"taxonomy":"category","embeddable":true,"href":"https:\/\/www.messinaoggi.it\/website\/wp-json\/wp\/v2\/categories?post=172457"},{"taxonomy":"post_tag","embeddable":true,"href":"https:\/\/www.messinaoggi.it\/website\/wp-json\/wp\/v2\/tags?post=172457"}],"curies":[{"name":"wp","href":"https:\/\/api.w.org\/{rel}","templated":true}]}}