{"id":172295,"date":"2023-10-11T07:00:17","date_gmt":"2023-10-11T05:00:17","guid":{"rendered":"http:\/\/www.messinaoggi.it\/website\/?p=172295"},"modified":"2023-10-10T21:44:44","modified_gmt":"2023-10-10T19:44:44","slug":"interviene-todaro-dopo-le-dimissioni-di-cuzzocrea-andava-ripristinata-la-trasparenza","status":"publish","type":"post","link":"https:\/\/www.messinaoggi.it\/website\/2023\/10\/11\/interviene-todaro-dopo-le-dimissioni-di-cuzzocrea-andava-ripristinata-la-trasparenza\/","title":{"rendered":"Interviene Todaro dopo le dimissioni di Cuzzocrea: &#8220;Andava ripristinata la trasparenza&#8221;"},"content":{"rendered":"\n<p>&#8220;Legittimit\u00e0, irreprensibilit\u00e0, trasparenza, efficacia dell\u2019agire amministrativo, rispetto della dignit\u00e0 umana e dei diritti dei lavoratori dovrebbero essere le parole d\u2019ordine per chi amministra la cosa pubblica e lo dovrebbero essere anche e soprattutto per chi governa gli Atenei, ambiti di eccellenza in cui si formano i futuri professionisti, gli amministratori, i docenti, gli uomini e le donne di domani&#8221;. Il segretario di Gilda Unams\u00a0Universit\u00e0 nonch\u00e9 senatore accademico Paolo Todaro interviene dopo la tempesta rimborsi che ha portato nei giorni scorsi alle dimissioni dell&#8217;ormai ex rettore dell&#8217;Universit\u00e0 di Messina Salvatore Cuzzocrea. <div id=\"div-gpt-ad-Messinaoggi.it-DSK-300x250-corpoart\" style=\"text-align:center;margin:0 auto;\"><\/div><\/p>\n\n\n\n<p>Todaro ha avuto un ruolo cruciale nelle vicende degli ultimi giorni, in quanto \u00e8 stato lui ad aver inviato ai revisori dei conti e, per conoscenza, ai ministeri dell&#8217;Universit\u00e0 e dell&#8217;Economia quella lettera in cui chiedeva chiarezza sull&#8217;entit\u00e0 dei rimborsi richiesti da Cuzzocrea, trasformando una vicenda che pareva circoscritta alla cronaca locale in un autentico caso nazionale, arrivando persino all&#8217;attenzione della ministra dell&#8217;Universit\u00e0 e della Ricerca Anna Maria Bernini.<div id=\"videoincontent\" style=\"clear:both\";><\/div><\/p>\n\n\n\n<p>&#8220;Mio malgrado e non senza patimento interiore, &#8211; dichiara Todaro &#8211; ritengo di aver fatto la cosa giusta nel non voltarmi dall\u2019altra parte vedendo ci\u00f2 che accadeva, chiedendo risposte prima e, in assenza delle stesse, trasmettendo gli atti alle autorit\u00e0 amministrative e giudiziarie dopo, per gli accertamenti necessari a verificare il rispetto delle regole e dei principi basilari di legalit\u00e0.<\/p>\n\n\n\n<p>&#8220;Ritengo di avere adempiuto a un mio preciso dovere in qualit\u00e0 di dipendente ma anche di rappresentante sindacale e da ultimo di senatore accademico, il pi\u00f9 votato all\u2019Universit\u00e0 e al Policlinico, verso tutta la comunit\u00e0 universitaria messinese che da alcuni anni viveva un\u2019autentica prevaricazione sia dal punto di vista dei diritti minimi sindacali, sia dal punto di vista amministrativo attraverso una gestione spesse volte autoritaria e autoreferenziale.<\/p>\n\n\n\n<p>&#8220;L\u2019Universit\u00e0 di Messina \u00e8 patrimonio di tutti, non solo degli studenti, dei docenti, dei dirigenti, dei medici e del personale tecnico amministrativo che ci lavora ma \u00e8 una straordinaria risorsa per l\u2019intera citt\u00e0, per tutta la provincia. La legge Gelmini sull\u2019Autonomia Universitaria e lo stesso Statuto dell\u2019Universit\u00e0, hanno dato un potere enorme al Rettore ma ci\u00f2 non pu\u00f2 significare che tale potere venga esercitato senza il rispetto delle norme poste a fondamento del vivere democratico e civile.<\/p>\n\n\n\n<p>&#8220;Ma se \u00e8 gi\u00e0 intollerabile il potere assoluto concesso ai Rettori, non \u00e8 consentibile che tale potere venga esercitato senza alcuna trasparenza come tristemente questa vicenda sta dimostrando. Quando poi all\u2019interno della propria amministrazione non si attivano gli anticorpi contro ogni forma di potenziale illegalit\u00e0, ben vengano queste reazioni catartiche che dovrebbero stimolare le coscienze di tutti per comprendere ove si \u00e8 annidato l\u2019errore. Ci\u00f2 in quanto le responsabilit\u00e0 non sono mai attribuibili a una sola persona ma coinvolgono anche quella parte della comunit\u00e0 universitaria che, talvolta per interessi personali, ha finto di non vedere voltandosi dall\u2019altra parte.<\/p>\n\n\n\n<p>&#8220;Ora spetta agli organi inquirenti fare piena luce sui fatti esposti e sulle ripetute inchieste giornalistiche che di giorno in giorno assurgono alla cronaca danneggiando l\u2019immagine dell\u2019Universit\u00e0 di Messina, respingendo al mittente le accuse di avere gettato fango ma piuttosto di avere scoperchiato un potenziale vaso di Pandora.\u00a0\u00a0<\/p>\n\n\n\n<p>&#8220;Ed auspico che le Procure della Repubblica di Messina e Catania, l\u2019Autorit\u00e0 Nazionale Anticorruzione, la Corte dei Conti, il Ministero dell\u2019Universit\u00e0 e della Ricerca, facciano piena luce su ci\u00f2 che in questi 5 anni e mezzo, \u00e8 stata la gestione dell\u2019Universit\u00e0 di Messina, al solo e nell\u2019esclusivo interesse della cittadinanza, del corpo studentesco e di chi in questi anni ha lavorato con abnegazione e servito con spirito di servizio. L\u2019Ateneo ha l\u2019obbligo di voltare pagina ristabilendo regole democratiche di onest\u00e0 e trasparenza in totale discontinuit\u00e0 con il pi\u00f9 recente passato&#8221;.<\/p>\n","protected":false},"excerpt":{"rendered":"<p>&#8220;Legittimit\u00e0, irreprensibilit\u00e0, trasparenza, efficacia dell\u2019agire amministrativo, rispetto della dignit\u00e0 umana e dei diritti dei lavoratori dovrebbero essere le parole d\u2019ordine per chi amministra la cosa pubblica e lo dovrebbero essere anche e soprattutto per chi governa gli Atenei, ambiti di eccellenza in cui si formano i futuri professionisti, gli amministratori, i docenti, gli uomini e [&hellip;]<\/p>\n","protected":false},"author":8,"featured_media":17489,"comment_status":"open","ping_status":"open","sticky":false,"template":"","format":"standard","meta":{"ub_ctt_via":"","_mi_skip_tracking":false},"categories":[6],"tags":[611,2313,7616,1607,814],"featured_image_src":"https:\/\/www.messinaoggi.it\/website\/wp-content\/uploads\/2018\/03\/paolo-todaro-messinaoggi-1.jpg","author_info":{"display_name":"red..me","author_link":"https:\/\/www.messinaoggi.it\/website\/author\/redstage\/"},"digistream_id":0,"digistream":false,"_links":{"self":[{"href":"https:\/\/www.messinaoggi.it\/website\/wp-json\/wp\/v2\/posts\/172295"}],"collection":[{"href":"https:\/\/www.messinaoggi.it\/website\/wp-json\/wp\/v2\/posts"}],"about":[{"href":"https:\/\/www.messinaoggi.it\/website\/wp-json\/wp\/v2\/types\/post"}],"author":[{"embeddable":true,"href":"https:\/\/www.messinaoggi.it\/website\/wp-json\/wp\/v2\/users\/8"}],"replies":[{"embeddable":true,"href":"https:\/\/www.messinaoggi.it\/website\/wp-json\/wp\/v2\/comments?post=172295"}],"version-history":[{"count":2,"href":"https:\/\/www.messinaoggi.it\/website\/wp-json\/wp\/v2\/posts\/172295\/revisions"}],"predecessor-version":[{"id":172297,"href":"https:\/\/www.messinaoggi.it\/website\/wp-json\/wp\/v2\/posts\/172295\/revisions\/172297"}],"wp:featuredmedia":[{"embeddable":true,"href":"https:\/\/www.messinaoggi.it\/website\/wp-json\/wp\/v2\/media\/17489"}],"wp:attachment":[{"href":"https:\/\/www.messinaoggi.it\/website\/wp-json\/wp\/v2\/media?parent=172295"}],"wp:term":[{"taxonomy":"category","embeddable":true,"href":"https:\/\/www.messinaoggi.it\/website\/wp-json\/wp\/v2\/categories?post=172295"},{"taxonomy":"post_tag","embeddable":true,"href":"https:\/\/www.messinaoggi.it\/website\/wp-json\/wp\/v2\/tags?post=172295"}],"curies":[{"name":"wp","href":"https:\/\/api.w.org\/{rel}","templated":true}]}}