{"id":172189,"date":"2023-10-10T12:40:53","date_gmt":"2023-10-10T10:40:53","guid":{"rendered":"http:\/\/www.messinaoggi.it\/website\/?p=172189"},"modified":"2023-10-10T12:40:54","modified_gmt":"2023-10-10T10:40:54","slug":"messa-in-sicurezza-quartiere-americano-geraci-m5s-proseguono-lavori-adeguamento-incroci","status":"publish","type":"post","link":"https:\/\/www.messinaoggi.it\/website\/2023\/10\/10\/messa-in-sicurezza-quartiere-americano-geraci-m5s-proseguono-lavori-adeguamento-incroci\/","title":{"rendered":"Messa in sicurezza Quartiere Americano, Geraci M5S: &#8220;Proseguono lavori adeguamento incroci\u201d"},"content":{"rendered":"\n<p>Con la nuova ordinanza viabile n.1270 del 05\/10\/2023 nell\u2019ambito dell\u2019espletamento dei lavori: &#8220;Citt\u00e0 accessibile ed inclusiva&#8221;, l&#8217;amministrazione comunale di Messina comunica il prosieguo dei lavori nel quartiere Americano.<div id=\"div-gpt-ad-Messinaoggi.it-DSK-300x250-corpoart\" style=\"text-align:center;margin:0 auto;\"><\/div><\/p>\n\n\n\n<p>A darne notizia \u00e8 il vicepresidente della III Municipalit\u00e0 <strong>Alessandro Geraci,<\/strong> gi\u00e0 proponente nella scorsa consiliatura di una delibera per la messa in sicurezza degli incroci e l\u2019abbattimento delle barriere architettoniche.<div id=\"videoincontent\" style=\"clear:both\";><\/div><\/p>\n\n\n\n<p>&#8220;Era il 16 febbraio 2021 quando la Terza Municipalit\u00e0 vot\u00f2 a maggioranza la delibera a mia prima firma, in cui proposi all\u2019Assessore Salvatore Mondello e relativo dipartimento di realizzare un ampliamento dei marciapiedi con la realizzazione di scivoli pedonali, negli incroci del quadrilatero che va dalla via Lucania al viale Europa e dal viale San Martino alla via La Farina.<\/p>\n\n\n\n<p>Parliamo del Quartiere Americano una porzione di territorio a vocazione residenziale, ricostruita a scacchiera in periodo post-terremoto, spesso oggetto di incidenti in cui gli automobilisti indisciplinati parcheggiano le auto a ridosso dei punti di svolta, oscurando la visibilit\u00e0 a quanti si apprestano ad attraversarli con i propri mezzi e creando di fatto delle barriere a disabili e pedoni.<\/p>\n\n\n\n<p>Non posso che essere soddisfatto &#8211; conclude Geraci &#8211; unitamente al consiglio della terza circoscrizione, del contributo dato come municipalit\u00e0 verso una mobilit\u00e0 sostenibile cercando di riconsegnare la citt\u00e0 ai pedoni con particolare attenzione ai disabili e non alle autovetture&#8221;.<\/p>\n","protected":false},"excerpt":{"rendered":"<p>Con la nuova ordinanza viabile n.1270 del 05\/10\/2023 nell\u2019ambito dell\u2019espletamento dei lavori: &#8220;Citt\u00e0 accessibile ed inclusiva&#8221;, l&#8217;amministrazione comunale di Messina comunica il prosieguo dei lavori nel quartiere Americano. A darne notizia \u00e8 il vicepresidente della III Municipalit\u00e0 Alessandro Geraci, gi\u00e0 proponente nella scorsa consiliatura di una delibera per la messa in sicurezza degli incroci e [&hellip;]<\/p>\n","protected":false},"author":15,"featured_media":172191,"comment_status":"open","ping_status":"open","sticky":false,"template":"","format":"standard","meta":{"ub_ctt_via":"","_mi_skip_tracking":false},"categories":[4],"tags":[1689,1872,8841,2406,5829],"featured_image_src":"https:\/\/www.messinaoggi.it\/website\/wp-content\/uploads\/2023\/10\/IMG-20231010-WA0018.jpg","author_info":{"display_name":"red.me","author_link":"https:\/\/www.messinaoggi.it\/website\/author\/red-me\/"},"digistream_id":0,"digistream":false,"_links":{"self":[{"href":"https:\/\/www.messinaoggi.it\/website\/wp-json\/wp\/v2\/posts\/172189"}],"collection":[{"href":"https:\/\/www.messinaoggi.it\/website\/wp-json\/wp\/v2\/posts"}],"about":[{"href":"https:\/\/www.messinaoggi.it\/website\/wp-json\/wp\/v2\/types\/post"}],"author":[{"embeddable":true,"href":"https:\/\/www.messinaoggi.it\/website\/wp-json\/wp\/v2\/users\/15"}],"replies":[{"embeddable":true,"href":"https:\/\/www.messinaoggi.it\/website\/wp-json\/wp\/v2\/comments?post=172189"}],"version-history":[{"count":2,"href":"https:\/\/www.messinaoggi.it\/website\/wp-json\/wp\/v2\/posts\/172189\/revisions"}],"predecessor-version":[{"id":172192,"href":"https:\/\/www.messinaoggi.it\/website\/wp-json\/wp\/v2\/posts\/172189\/revisions\/172192"}],"wp:featuredmedia":[{"embeddable":true,"href":"https:\/\/www.messinaoggi.it\/website\/wp-json\/wp\/v2\/media\/172191"}],"wp:attachment":[{"href":"https:\/\/www.messinaoggi.it\/website\/wp-json\/wp\/v2\/media?parent=172189"}],"wp:term":[{"taxonomy":"category","embeddable":true,"href":"https:\/\/www.messinaoggi.it\/website\/wp-json\/wp\/v2\/categories?post=172189"},{"taxonomy":"post_tag","embeddable":true,"href":"https:\/\/www.messinaoggi.it\/website\/wp-json\/wp\/v2\/tags?post=172189"}],"curies":[{"name":"wp","href":"https:\/\/api.w.org\/{rel}","templated":true}]}}