{"id":172178,"date":"2023-10-10T11:37:26","date_gmt":"2023-10-10T09:37:26","guid":{"rendered":"http:\/\/www.messinaoggi.it\/website\/?p=172178"},"modified":"2023-10-10T11:37:27","modified_gmt":"2023-10-10T09:37:27","slug":"ospedale-santagata-esposto-di-uil-e-cgil-alla-corte-dei-conti","status":"publish","type":"post","link":"https:\/\/www.messinaoggi.it\/website\/2023\/10\/10\/ospedale-santagata-esposto-di-uil-e-cgil-alla-corte-dei-conti\/","title":{"rendered":"Ospedale Sant&#8217;Agata, esposto di Uil e Cgil alla Corte dei Conti"},"content":{"rendered":"\n<p>Continua la vicenda relativa all&#8217;Ospedale di Sant&#8217;Agata di Militello, con i sindacati preoccupati da un rischio di privatizzazione del servizio. Uil e Cgil non sono rimasti con le mani in mano ed hanno deciso di agire per vie legali contro Asp Messina, nel merito della convenzione con la Fondazione Giglio di Cefal\u00f9. <div id=\"div-gpt-ad-Messinaoggi.it-DSK-300x250-corpoart\" style=\"text-align:center;margin:0 auto;\"><\/div><\/p>\n\n\n\n<p>\u201cCome ampiamente preannunciato, la Cgil e la Uil Messina hanno formalmente presentato un articolato esposto-denuncia alla Procura regionale della Corte dei Conti della Sicilia al fine di accertare le eventuali responsabilit\u00e0 dell\u2019Asp di Messina e i possibili danni erariali che potrebbe aver subito la sanit\u00e0 pubblica a seguito della convenzione stipulata dalla medesima Asp con la Fondazione Giglio di Cefal\u00f9, peraltro violando in maniera eclatante le corrette relazioni sindacali previste dal Ccnl della sanit\u00e0 che per la fattispecie prevede il preventivo Tavolo di confronto. Si tratta di una convenzione finalizzata alla cessione delle prestazioni specialistiche di ortopedia, oculistica, chirurgia generale, ginecologia e urologia da svolgere presso il Presidio Ospedaliero di Sant\u2019Agata di Militello. Prestazioni remunerate con un importo pari all&#8217;85% del valore dei DRG prodotti, lasciando all\u2019Asp di Messina il rimanente misero 15%, nonch\u00e9 l\u2019onere dei costi vivi di gestione dei reparti, dei consumi di energia elettrica per tutte le necessit\u00e0 strutturali, di gasolio, della logistica, della manutenzione tecnologica, delle pulizie degli ambienti ospedalieri utilizzati dalla Fondazione Giglio ed altro ancora: tutte spese che, ovviamente, non possono essere coperte dal 15% spettante all\u2019Asp di Messina\u201d lo hanno dichiarato <strong>Pietro Patti<\/strong>, segretario generale Cgil Messina, e <strong>Ivan Tripodi<\/strong>, segretario generale Uil Messina.<div id=\"videoincontent\" style=\"clear:both\";><\/div><\/p>\n\n\n\n<p>\u201cLa nostra convinta posizione di dissenso rispetto alle scelte che puntano alla completa privatizzazione della sanit\u00e0 \u00e8 motivata dalla necessit\u00e0, oggi pi\u00f9 che mai, di difendere ad oltranza il diritto fondamentale alla salute per tutti i cittadini, cos\u00ec come previsto dall\u2019articolo 32 della nostra Costituzione. Inoltre, l\u2019aspetto scabroso di questa vicenda \u00e8 rappresentato dal fatto che a seguito della convenzione, la Fondazione Giglio ha ulteriormente subappaltato le prestazioni di chirurgia ortopedia all\u2019ospedale Buccheri-La Ferla di Palermo, struttura privata accreditata, concedendo allo stesso il 20% dei relativi DRG e, quindi, trattenendo il restante 65%\u201d hanno cos\u00ec proseguito i sindacalisti. <\/p>\n\n\n\n<p>\u201cQualche giorno fa, il Giudice del lavoro del Tribunale di Messina dott.ssa Aurora La Face, proprio per le gravi violazioni contrattuali ha decretato la sospensione della convenzione e la condanna dell\u2019Asp per condotta antisindacale. In tal senso, appaiono alquanto fuorvianti le improvvide dichiarazioni del presidente della Fondazione Giglio, il quale scarica le pesanti responsabilit\u00e0 legate alla sospensione dell\u2019attivit\u00e0 sanitaria alle organizzazioni sindacali ricorrenti e minaccia di sospendere qualsiasi tipo di collaborazione con l\u2019Asp. Certo, per fare queste dichiarazioni, ci vuole molta faccia tosta e, come noto, il presidente della Fondazione Giglio non \u00e8 un missionario, tantomeno un seguace dell\u2019opera del compianto Gino Strada. Restiamo, pertanto, convinti di quanto affermava qualcuno pi\u00f9 in alto di noi, vale a dire: &#8216;Fuori i mercanti dal Tempio&#8217;\u201d hanno cos\u00ec concluso Pietro Patti, segretario generale Cgil Messina, e Ivan Tripodi, segretario generale Uil Messina. <\/p>\n","protected":false},"excerpt":{"rendered":"<p>Continua la vicenda relativa all&#8217;Ospedale di Sant&#8217;Agata di Militello, con i sindacati preoccupati da un rischio di privatizzazione del servizio. Uil e Cgil non sono rimasti con le mani in mano ed hanno deciso di agire per vie legali contro Asp Messina, nel merito della convenzione con la Fondazione Giglio di Cefal\u00f9. \u201cCome ampiamente preannunciato, [&hellip;]<\/p>\n","protected":false},"author":15,"featured_media":143494,"comment_status":"open","ping_status":"open","sticky":false,"template":"","format":"standard","meta":{"ub_ctt_via":"","_mi_skip_tracking":false},"categories":[5],"tags":[2002,3585,4430,954,6870,5171,1338],"featured_image_src":"https:\/\/www.messinaoggi.it\/website\/wp-content\/uploads\/2023\/02\/Ospedale-SanAgata.png","author_info":{"display_name":"red.me","author_link":"https:\/\/www.messinaoggi.it\/website\/author\/red-me\/"},"digistream_id":0,"digistream":false,"_links":{"self":[{"href":"https:\/\/www.messinaoggi.it\/website\/wp-json\/wp\/v2\/posts\/172178"}],"collection":[{"href":"https:\/\/www.messinaoggi.it\/website\/wp-json\/wp\/v2\/posts"}],"about":[{"href":"https:\/\/www.messinaoggi.it\/website\/wp-json\/wp\/v2\/types\/post"}],"author":[{"embeddable":true,"href":"https:\/\/www.messinaoggi.it\/website\/wp-json\/wp\/v2\/users\/15"}],"replies":[{"embeddable":true,"href":"https:\/\/www.messinaoggi.it\/website\/wp-json\/wp\/v2\/comments?post=172178"}],"version-history":[{"count":1,"href":"https:\/\/www.messinaoggi.it\/website\/wp-json\/wp\/v2\/posts\/172178\/revisions"}],"predecessor-version":[{"id":172179,"href":"https:\/\/www.messinaoggi.it\/website\/wp-json\/wp\/v2\/posts\/172178\/revisions\/172179"}],"wp:featuredmedia":[{"embeddable":true,"href":"https:\/\/www.messinaoggi.it\/website\/wp-json\/wp\/v2\/media\/143494"}],"wp:attachment":[{"href":"https:\/\/www.messinaoggi.it\/website\/wp-json\/wp\/v2\/media?parent=172178"}],"wp:term":[{"taxonomy":"category","embeddable":true,"href":"https:\/\/www.messinaoggi.it\/website\/wp-json\/wp\/v2\/categories?post=172178"},{"taxonomy":"post_tag","embeddable":true,"href":"https:\/\/www.messinaoggi.it\/website\/wp-json\/wp\/v2\/tags?post=172178"}],"curies":[{"name":"wp","href":"https:\/\/api.w.org\/{rel}","templated":true}]}}