{"id":172126,"date":"2023-10-09T21:08:03","date_gmt":"2023-10-09T19:08:03","guid":{"rendered":"https:\/\/www.messinaoggi.it\/website\/2023\/10\/09\/due-italiani-dispersi-in-israele-tajani-verifiche-in-corso\/"},"modified":"2023-10-09T21:29:34","modified_gmt":"2023-10-09T19:29:34","slug":"due-italiani-dispersi-in-israele-tajani-verifiche-in-corso","status":"publish","type":"post","link":"https:\/\/www.messinaoggi.it\/website\/2023\/10\/09\/due-italiani-dispersi-in-israele-tajani-verifiche-in-corso\/","title":{"rendered":"Due italiani dispersi in Israele, Tajani \u201cVerifiche in corso\u201d"},"content":{"rendered":"<div>ROMA (ITALPRESS) &#8211; In Israele non si hanno pi\u00f9 tracce da 48 ore di due coniugi, che si trovavano nel kibbutz di B\u00e8eri, nel deserto del Negev. Lo ha riferito al Tg1 il ministro degli Esteri Antonio Tajani. <br \/>&#8220;Si tratta di due cittadini italiani che hanno anche passaporto israeliano, quindi con doppia cittadinanza, che erano nel kibbutz di B\u00e8eri, e che non rispondono all&#8217;appello, non rispondono alle chiamate, non sono rintracciabili &#8211; ha spiegato Tajani -. Insieme con le autorit\u00e0 israeliane stiamo verificando dove sono e cosa pu\u00f2 essere accaduto loro. La nostra ambasciata, il nostro consolato, l&#8217;Unit\u00e0 di Crisi del ministero degli Esteri sono al lavoro, in contatto sempre con le autorit\u00e0 di Tel Aviv&#8221;.<br \/>&#8220;Mi auguro che non siano stati presi prigionieri e non siano stati portati dentro la Striscia di Gaza, ma non abbiamo nessuna notizia n\u00e8 in un senso n\u00e8 in un altro &#8211; ha aggiunto il ministro -. Ci sono circa mille ragazzi che sono arruolati nell&#8217;esercito di Israele e stanno svolgendo servizio di leva con doppio passaporto, ma non abbiamo altre notizie negative su cittadini italiani&#8221;.<div id=\"div-gpt-ad-Messinaoggi.it-DSK-300x250-corpoart\" style=\"text-align:center;margin:0 auto;\"><\/div><\/p>\n<p>&#8211; Foto: Agenzia Fotogramma &#8211;<div id=\"videoincontent\" style=\"clear:both\";><\/div><\/p>\n<p>(ITALPRESS).<\/p><\/div>\n","protected":false},"excerpt":{"rendered":"<p>ROMA (ITALPRESS) &#8211; In Israele non si hanno pi\u00f9 tracce da 48 ore di due coniugi, che si trovavano nel kibbutz di B\u00e8eri, nel deserto del Negev. Lo ha riferito al Tg1 il ministro degli Esteri Antonio Tajani. &#8220;Si tratta di due cittadini italiani che hanno anche passaporto israeliano, quindi con doppia cittadinanza, che erano [&hellip;]<\/p>\n","protected":false},"author":18,"featured_media":172127,"comment_status":"closed","ping_status":"closed","sticky":false,"template":"","format":"standard","meta":{"ub_ctt_via":"","_mi_skip_tracking":false},"categories":[446,6],"tags":[783],"featured_image_src":"https:\/\/www.messinaoggi.it\/website\/wp-content\/uploads\/2023\/10\/20231009_2156.jpg","author_info":{"display_name":"Admin","author_link":"https:\/\/www.messinaoggi.it\/website\/author\/admin\/"},"digistream_id":0,"digistream":false,"_links":{"self":[{"href":"https:\/\/www.messinaoggi.it\/website\/wp-json\/wp\/v2\/posts\/172126"}],"collection":[{"href":"https:\/\/www.messinaoggi.it\/website\/wp-json\/wp\/v2\/posts"}],"about":[{"href":"https:\/\/www.messinaoggi.it\/website\/wp-json\/wp\/v2\/types\/post"}],"author":[{"embeddable":true,"href":"https:\/\/www.messinaoggi.it\/website\/wp-json\/wp\/v2\/users\/18"}],"replies":[{"embeddable":true,"href":"https:\/\/www.messinaoggi.it\/website\/wp-json\/wp\/v2\/comments?post=172126"}],"version-history":[{"count":1,"href":"https:\/\/www.messinaoggi.it\/website\/wp-json\/wp\/v2\/posts\/172126\/revisions"}],"predecessor-version":[{"id":172134,"href":"https:\/\/www.messinaoggi.it\/website\/wp-json\/wp\/v2\/posts\/172126\/revisions\/172134"}],"wp:featuredmedia":[{"embeddable":true,"href":"https:\/\/www.messinaoggi.it\/website\/wp-json\/wp\/v2\/media\/172127"}],"wp:attachment":[{"href":"https:\/\/www.messinaoggi.it\/website\/wp-json\/wp\/v2\/media?parent=172126"}],"wp:term":[{"taxonomy":"category","embeddable":true,"href":"https:\/\/www.messinaoggi.it\/website\/wp-json\/wp\/v2\/categories?post=172126"},{"taxonomy":"post_tag","embeddable":true,"href":"https:\/\/www.messinaoggi.it\/website\/wp-json\/wp\/v2\/tags?post=172126"}],"curies":[{"name":"wp","href":"https:\/\/api.w.org\/{rel}","templated":true}]}}