{"id":17210,"date":"2018-03-21T17:40:38","date_gmt":"2018-03-21T16:40:38","guid":{"rendered":"http:\/\/www.messinaoggi.it\/website\/?p=17210"},"modified":"2018-03-21T17:40:38","modified_gmt":"2018-03-21T16:40:38","slug":"capacity-la-prima-coppia-ha-firmato-il-contratto-per-la-casa","status":"publish","type":"post","link":"https:\/\/www.messinaoggi.it\/website\/2018\/03\/21\/capacity-la-prima-coppia-ha-firmato-il-contratto-per-la-casa\/","title":{"rendered":"Capacity, la prima coppia ha firmato il contratto per la casa"},"content":{"rendered":"<p style=\"text-align: justify;\">35 anni vissuti in una delle tante aree degradate della nostra citt\u00e0 , ma finalmente dopo tutto questo tempo, il signor Gianfranco e sua moglie Maria avranno una casa. Tutto merito del progetto Capacity, il progetto pilota presente in molti punti del territorio nazionale, sposato anche dal Comune di Messina. Loro sono i primi a raggiungere il proprio scopo, grazie ad un\u2019iniziativa che non punta a creare nuovi alloggi popolari, ma a destinare case gi\u00e0 presenti nel mercato immobiliare.<div id=\"div-gpt-ad-Messinaoggi.it-DSK-300x250-corpoart\" style=\"text-align:center;margin:0 auto;\"><\/div><\/p>\n<p style=\"text-align: justify;\">Infatti per Gianfranco e Maria si spalancheranno le porte, mai come questa volta il paragone sembra azzeccato, di un immobile acquistato a Provinciale, grazie all\u2019aiuto di Palazzo Zanca che si \u00e8 sobbarcato il 75% del costo della casa, al resto ci hanno pensato i due coniugi. Soddisfatta l\u2019assessore ai Servizi Sociali, Nina Santisi: \u201c<em>Abbiamo fatto valere il diritto alla casa, che \u00e8 uno dei pi\u00f9 importanti. Questo bando ci ha permesso di pensare alle periferie in chiave di intervento sociale, sappiamo bene che non \u00e8 sufficiente dare una casa. Capacity \u00e8 strutturato in bandi, ci sono tre modalit\u00e0. Il Comune acquista degli immobili e la famiglia che vi abiter\u00e0 pagher\u00e0 un affitto, la seconda opzione \u00e8 quella dell\u2019autocostruzione nelle dodici zone di Fondo Sacc\u00e0, invece come nel caso odierno, c\u2019\u00e8 una terza opzione. Ovvero i diretti interessati scelgono una casa pi\u00f9 confacente alle loro esigenze e il Comune si sobbarca il 75% del costo dell\u2019immobile\u201d.<\/em><div id=\"videoincontent\" style=\"clear:both\";><\/div><\/p>\n","protected":false},"excerpt":{"rendered":"<p>35 anni vissuti in una delle tante aree degradate della nostra citt\u00e0 , ma finalmente dopo tutto questo tempo, il signor Gianfranco e sua moglie Maria avranno una casa. Tutto merito del progetto Capacity, il progetto pilota presente in molti punti del territorio nazionale, sposato anche dal Comune di Messina. Loro sono i primi a [&hellip;]<\/p>\n","protected":false},"author":14,"featured_media":9012,"comment_status":"closed","ping_status":"open","sticky":false,"template":"","format":"standard","meta":{"ub_ctt_via":"","_mi_skip_tracking":false},"categories":[6],"tags":[],"featured_image_src":"https:\/\/www.messinaoggi.it\/website\/wp-content\/uploads\/2017\/10\/conf-stampa-zuvccarello-riccobonoRRP_9292-2.jpg","author_info":{"display_name":"Antonio Macauda","author_link":"https:\/\/www.messinaoggi.it\/website\/author\/a-macauda\/"},"digistream_id":0,"digistream":false,"_links":{"self":[{"href":"https:\/\/www.messinaoggi.it\/website\/wp-json\/wp\/v2\/posts\/17210"}],"collection":[{"href":"https:\/\/www.messinaoggi.it\/website\/wp-json\/wp\/v2\/posts"}],"about":[{"href":"https:\/\/www.messinaoggi.it\/website\/wp-json\/wp\/v2\/types\/post"}],"author":[{"embeddable":true,"href":"https:\/\/www.messinaoggi.it\/website\/wp-json\/wp\/v2\/users\/14"}],"replies":[{"embeddable":true,"href":"https:\/\/www.messinaoggi.it\/website\/wp-json\/wp\/v2\/comments?post=17210"}],"version-history":[{"count":0,"href":"https:\/\/www.messinaoggi.it\/website\/wp-json\/wp\/v2\/posts\/17210\/revisions"}],"wp:featuredmedia":[{"embeddable":true,"href":"https:\/\/www.messinaoggi.it\/website\/wp-json\/wp\/v2\/media\/9012"}],"wp:attachment":[{"href":"https:\/\/www.messinaoggi.it\/website\/wp-json\/wp\/v2\/media?parent=17210"}],"wp:term":[{"taxonomy":"category","embeddable":true,"href":"https:\/\/www.messinaoggi.it\/website\/wp-json\/wp\/v2\/categories?post=17210"},{"taxonomy":"post_tag","embeddable":true,"href":"https:\/\/www.messinaoggi.it\/website\/wp-json\/wp\/v2\/tags?post=17210"}],"curies":[{"name":"wp","href":"https:\/\/api.w.org\/{rel}","templated":true}]}}