{"id":17209,"date":"2018-03-21T16:37:25","date_gmt":"2018-03-21T15:37:25","guid":{"rendered":"http:\/\/www.messinaoggi.it\/website\/?p=17209"},"modified":"2018-03-21T16:37:25","modified_gmt":"2018-03-21T15:37:25","slug":"crisi-pd-lumia-giusto-cambiare-ma-guai-ad-isolarsi","status":"publish","type":"post","link":"https:\/\/www.messinaoggi.it\/website\/2018\/03\/21\/crisi-pd-lumia-giusto-cambiare-ma-guai-ad-isolarsi\/","title":{"rendered":"Crisi Pd, Lumia: &quot;Giusto cambiare ma guai ad isolarsi&quot;"},"content":{"rendered":"<p class=\"m8267391117731153391gmail-msonospacing\" style=\"margin: 0cm; margin-bottom: .0001pt; text-align: justify;\"><span style=\"font-size: 11.0pt; font-family: 'Calibri','sans-serif';\">Cambiare s\u00ec, ma guai ad isolarsi. A quasi venti giorni dal flop elettorale delle ultime politiche, Giuseppe Lumia analizza la situazione in casa Partito Democratico: <em>\u201cIl Pd \u00e8 chiamato a fare un cammino reale di rigenerazione progressista sul piano culturale, progettuale ed organizzativo. Richieder\u00e0 tempo, coraggio e collegialit\u00e0 che verificheremo innanzitutto con Maurizio Martina, passo dopo passo. Ma questo non ci costringe affatto a stare sull\u2019Aventino\u201d.<\/em>\u00a0 <\/span><div id=\"div-gpt-ad-Messinaoggi.it-DSK-300x250-corpoart\" style=\"text-align:center;margin:0 auto;\"><\/div><\/p>\n<p> <div id=\"videoincontent\" style=\"clear:both\";><\/div><\/p>\n<p class=\"m8267391117731153391gmail-msonospacing\" style=\"margin: 0cm; margin-bottom: .0001pt; text-align: justify;\"><span style=\"font-size: 11.0pt; font-family: 'Calibri','sans-serif';\">Ex senatore, ed esponente dell\u2019area Emiliano, Lumia ammette: <em>\u201cPi\u00f9 passano i giorni \u2013 aggiunge \u2013 pi\u00f9 le scadenze istituzionali incalzano, come le elezioni dei presidenti di Camera e Senato, pi\u00f9 si comprende che isolarsi \u00e8 un errore che aggrava le difficolt\u00e0 e rischia di compromettere il futuro del Pd. \u00c8 evidente oramai che non siamo pi\u00f9 solo noi dell\u2019Area Emiliano a sostenere la necessit\u00e0 di un confronto serio e serrato con i vari gruppi parlamentari, alla luce del sole, sulle varie scadenze istituzionali, chiamando sul tema del governo i 5 Stelle a svelare le reali intenzioni di programma e di profilo che intendono dare alla loro proposta\u201d.\u00a0<\/em> <\/span><\/p>\n<p> <\/p>\n<p class=\"m8267391117731153391gmail-msonospacing\" style=\"margin: 0cm; margin-bottom: .0001pt; text-align: justify;\"><span style=\"font-size: 11.0pt; font-family: 'Calibri','sans-serif';\">Lumia conclude: <\/span><span style=\"font-size: 11.0pt; font-family: 'Calibri','sans-serif';\">\u201cCapire se \u00e8 un bluff o no \u2013 conclude \u2013 \u00e8 decisivo per fondare una solida decisione sulla scelta eventuale di condividere e in che forma un\u2019esperienza di governo, valutando cos\u00ec anche la necessit\u00e0 di coinvolgere con un referendum la base stessa del Pd\u201d.<\/span><\/p>\n","protected":false},"excerpt":{"rendered":"<p>Cambiare s\u00ec, ma guai ad isolarsi. A quasi venti giorni dal flop elettorale delle ultime politiche, Giuseppe Lumia analizza la situazione in casa Partito Democratico: \u201cIl Pd \u00e8 chiamato a fare un cammino reale di rigenerazione progressista sul piano culturale, progettuale ed organizzativo. Richieder\u00e0 tempo, coraggio e collegialit\u00e0 che verificheremo innanzitutto con Maurizio Martina, passo [&hellip;]<\/p>\n","protected":false},"author":2,"featured_media":2557,"comment_status":"closed","ping_status":"open","sticky":false,"template":"","format":"standard","meta":{"ub_ctt_via":"","_mi_skip_tracking":false},"categories":[4],"tags":[],"featured_image_src":"https:\/\/www.messinaoggi.it\/website\/wp-content\/uploads\/2017\/06\/Giuseppe-Lumia-Pd-2.jpg","author_info":{"display_name":"Redazione","author_link":"https:\/\/www.messinaoggi.it\/website\/author\/redazione\/"},"digistream_id":0,"digistream":false,"_links":{"self":[{"href":"https:\/\/www.messinaoggi.it\/website\/wp-json\/wp\/v2\/posts\/17209"}],"collection":[{"href":"https:\/\/www.messinaoggi.it\/website\/wp-json\/wp\/v2\/posts"}],"about":[{"href":"https:\/\/www.messinaoggi.it\/website\/wp-json\/wp\/v2\/types\/post"}],"author":[{"embeddable":true,"href":"https:\/\/www.messinaoggi.it\/website\/wp-json\/wp\/v2\/users\/2"}],"replies":[{"embeddable":true,"href":"https:\/\/www.messinaoggi.it\/website\/wp-json\/wp\/v2\/comments?post=17209"}],"version-history":[{"count":0,"href":"https:\/\/www.messinaoggi.it\/website\/wp-json\/wp\/v2\/posts\/17209\/revisions"}],"wp:featuredmedia":[{"embeddable":true,"href":"https:\/\/www.messinaoggi.it\/website\/wp-json\/wp\/v2\/media\/2557"}],"wp:attachment":[{"href":"https:\/\/www.messinaoggi.it\/website\/wp-json\/wp\/v2\/media?parent=17209"}],"wp:term":[{"taxonomy":"category","embeddable":true,"href":"https:\/\/www.messinaoggi.it\/website\/wp-json\/wp\/v2\/categories?post=17209"},{"taxonomy":"post_tag","embeddable":true,"href":"https:\/\/www.messinaoggi.it\/website\/wp-json\/wp\/v2\/tags?post=17209"}],"curies":[{"name":"wp","href":"https:\/\/api.w.org\/{rel}","templated":true}]}}