{"id":17207,"date":"2018-03-21T15:56:48","date_gmt":"2018-03-21T14:56:48","guid":{"rendered":"http:\/\/www.messinaoggi.it\/website\/?p=17207"},"modified":"2018-03-21T15:56:48","modified_gmt":"2018-03-21T14:56:48","slug":"trasparenza-e-anticorruzione-messina-ce","status":"publish","type":"post","link":"https:\/\/www.messinaoggi.it\/website\/2018\/03\/21\/trasparenza-e-anticorruzione-messina-ce\/","title":{"rendered":"Trasparenza e anticorruzione, Messina c&#039;\u00e8"},"content":{"rendered":"<p style=\"text-align: justify;\">Si \u00e8 svolto oggi, nel Salone delle Bandiere di Palazzo Zanca, il convegno \u201cVerso il controllo civico e la difesa civica digitale\u201d in occasione della \u201cGiornata nazionale della memoria e dell\u2019impegno in ricordo delle vittime delle mafie\u201d riconosciuta da Camera dei deputati e Senato con legge 8 marzo 2017 n. 20 e nell\u2019ambito della Giornata Comunale dell\u2019Anticorruzione e della Trasparenza, istituzionalizzata dal Comune di Messina con deliberazione della Giunta comunale n. 76 del 31 gennaio 2017 che adotta il Piano Triennale di Prevenzione della Corruzione 2017\/201.<div id=\"div-gpt-ad-Messinaoggi.it-DSK-300x250-corpoart\" style=\"text-align:center;margin:0 auto;\"><\/div><\/p>\n<p style=\"text-align: justify;\">L\u2019incontro, al quale hanno partecipato tra gli altri il vicesindaco, Gaetano Cacciola, e l\u2019assessore alle Politiche per l\u2019Innovazione, Sergio De Cola, \u00e8 stato promosso dal segretario generale e direttore generale, Antonio Le Donne, al fine di proporre, come dichiarato dallo stesso Le Donne, un\u2019azione formativa e di comunicazione per fornire una visione di insieme sull\u2019attuale impostazione del sistema di trasparenza della pubblica amministrazione e sulle sue prospettive. Iniziative come questa costituiscono un approfondimento sul tema della trasparenza che rappresenta un elemento imprescindibile delle strategie di prevenzione della corruzione e di promozione della cultura operante della legalit\u00e0.<div id=\"videoincontent\" style=\"clear:both\";><\/div><\/p>\n<p style=\"text-align: justify;\">Confronto e ascolto sono alla base della trasparenza attraverso la partecipazione dei cittadini nell\u2019individuazione delle informazioni di interesse per la collettivit\u00e0, ed il coinvolgimento degli stessi nell\u2019attivit\u00e0 dell\u2019amministrazione permette di migliorare la qualit\u00e0 dei servizi ed il controllo sociale. Il tema di approfondimento della giornata \u00e8 stato infatti la buona amministrazione pubblica alla prova della legalit\u00e0, della trasparenza e dell\u2019innovazione. Il programma dei lavori, dopo i saluti istituzionali del vicesindaco Cacciola e dell\u2019assessore De Cola, ha previsto l\u2019introduzione del segretario generale e direttore generale Le Donne; e gli interventi di Maria Angela Caponetti, segretario generale della Citt\u00e0 Metropolitana di Messina, su \u201cMappatura dei Processi: l\u2019esperienza della Citt\u00e0 Metropolitana di Messina\u201d; di Francesco Saija e Giuseppe D\u2019Avella, componenti Parliament Watch Italia, su \u201cMonitoraggio Civico: un nuovo strumento giuridico e partecipativo per il controllo dei contratti pubblici\u201d; di Giovanni Colombo, in video conferenza, per TRANSPARENCY INTERNATIONAL ITALIA; e del segretario generale e direttore generale Le Donne su \u201cTransizione alla modalit\u00e0 operativa digitale: processo di modernizzazione organizzativa dell\u2019Ente con le nuove figure del Dirigente Responsabile per la transizione alla modalit\u00e0 operativa digitale (art.17, c.1 e c.1-sexies D.lgs 82\/05) e del Difensore Civico per il digitale (art. 17, c.1-quater del D.lgs 82\/05). Prima delle conclusioni tratte dall\u2019assessore De Cola si \u00e8 tenuto un dibattito tra i presenti.<\/p>\n","protected":false},"excerpt":{"rendered":"<p>Si \u00e8 svolto oggi, nel Salone delle Bandiere di Palazzo Zanca, il convegno \u201cVerso il controllo civico e la difesa civica digitale\u201d in occasione della \u201cGiornata nazionale della memoria e dell\u2019impegno in ricordo delle vittime delle mafie\u201d riconosciuta da Camera dei deputati e Senato con legge 8 marzo 2017 n. 20 e nell\u2019ambito della Giornata [&hellip;]<\/p>\n","protected":false},"author":2,"featured_media":17208,"comment_status":"closed","ping_status":"open","sticky":false,"template":"","format":"standard","meta":{"ub_ctt_via":"","_mi_skip_tracking":false},"categories":[5],"tags":[],"featured_image_src":"https:\/\/www.messinaoggi.it\/website\/wp-content\/uploads\/2018\/03\/convegno-1.jpg","author_info":{"display_name":"Redazione","author_link":"https:\/\/www.messinaoggi.it\/website\/author\/redazione\/"},"digistream_id":0,"digistream":false,"_links":{"self":[{"href":"https:\/\/www.messinaoggi.it\/website\/wp-json\/wp\/v2\/posts\/17207"}],"collection":[{"href":"https:\/\/www.messinaoggi.it\/website\/wp-json\/wp\/v2\/posts"}],"about":[{"href":"https:\/\/www.messinaoggi.it\/website\/wp-json\/wp\/v2\/types\/post"}],"author":[{"embeddable":true,"href":"https:\/\/www.messinaoggi.it\/website\/wp-json\/wp\/v2\/users\/2"}],"replies":[{"embeddable":true,"href":"https:\/\/www.messinaoggi.it\/website\/wp-json\/wp\/v2\/comments?post=17207"}],"version-history":[{"count":0,"href":"https:\/\/www.messinaoggi.it\/website\/wp-json\/wp\/v2\/posts\/17207\/revisions"}],"wp:featuredmedia":[{"embeddable":true,"href":"https:\/\/www.messinaoggi.it\/website\/wp-json\/wp\/v2\/media\/17208"}],"wp:attachment":[{"href":"https:\/\/www.messinaoggi.it\/website\/wp-json\/wp\/v2\/media?parent=17207"}],"wp:term":[{"taxonomy":"category","embeddable":true,"href":"https:\/\/www.messinaoggi.it\/website\/wp-json\/wp\/v2\/categories?post=17207"},{"taxonomy":"post_tag","embeddable":true,"href":"https:\/\/www.messinaoggi.it\/website\/wp-json\/wp\/v2\/tags?post=17207"}],"curies":[{"name":"wp","href":"https:\/\/api.w.org\/{rel}","templated":true}]}}